{"id":3563,"date":"2020-11-25T16:00:04","date_gmt":"2020-11-25T15:00:04","guid":{"rendered":"http:\/\/solarresearch.org\/wp\/?p=3563"},"modified":"2020-11-25T15:33:53","modified_gmt":"2020-11-25T14:33:53","slug":"frage-an-richter-am-amtsgericht-thorstenschleif-gilt-das-deutsche-grundgesetz-beim-amtsgericht-nicht-jmnrw","status":"publish","type":"post","link":"https:\/\/solarresearch.org\/wp\/2020\/11\/frage-an-richter-am-amtsgericht-thorstenschleif-gilt-das-deutsche-grundgesetz-beim-amtsgericht-nicht-jmnrw\/","title":{"rendered":"Frage an Richter am Amtsgericht @SchleifThorsten: &#8222;Gilt das deutsche Grundgesetz beim Amtsgericht NICHT?&#8220; @JM_NRW @eckert_official @Klagepaten"},"content":{"rendered":"<p style=\"text-align: justify;\">Seit Wochen und Monaten bef\u00e4llt mich ein ungutes Gef\u00fchl, wie vermeintlich kritische Juristen die Kritik an den politisch-gewollten CORONA-Massnahmen regelrecht &#8222;gekapert&#8220; haben und dabei auch mit den wahrlich zwingenden verfassungsrechtlichen Vorgaben aus dem Grundgesetz argumentieren. Unter der <strong>Ticket-Nummer #186789<\/strong> liegen seit dem 02.09.2020 <strong>zwei Fragen<\/strong> bei den <a href=\"https:\/\/klagepaten.eu\/\" target=\"_blank\" rel=\"noopener noreferrer\">sog. &#8222;KLAGEPATEN&#8220;<\/a>, um zu \u00dcberpr\u00fcfen, inwieweit die Rechtsanw\u00e4lte bei den &#8222;KLAGEPATEN&#8220;, wie z.B. <strong>Markus Haintz, Ralf Ludwig, Dirk Sattelmaier und Reiner Fuellmich,<\/strong> wirklich und wahrhaftig auf Seiten der verfassungsrechtlichen Vorgaben des Grundgesetzes stehen. Die folgenden zwei Fragen wurden bis heute (Stand: 25.11.2020) von den Klagenpaten <span style=\"text-decoration: underline;\"><strong>nicht beantwortet<\/strong><\/span>:<\/p>\n<p style=\"text-align: justify;\"><a href=\"https:\/\/i0.wp.com\/solarresearch.org\/wp\/wp-content\/uploads\/2020\/11\/Frage_an_Rechtsanwalt_Klagepaten_Ticket_186789.jpg?ssl=1\"><img data-recalc-dims=\"1\" decoding=\"async\" data-attachment-id=\"3564\" data-permalink=\"https:\/\/solarresearch.org\/wp\/2020\/11\/frage-an-richter-am-amtsgericht-thorstenschleif-gilt-das-deutsche-grundgesetz-beim-amtsgericht-nicht-jmnrw\/frage_an_rechtsanwalt_klagepaten_ticket_186789\/\" data-orig-file=\"https:\/\/i0.wp.com\/solarresearch.org\/wp\/wp-content\/uploads\/2020\/11\/Frage_an_Rechtsanwalt_Klagepaten_Ticket_186789.jpg?fit=681%2C364&amp;ssl=1\" data-orig-size=\"681,364\" data-comments-opened=\"1\" data-image-meta=\"{&quot;aperture&quot;:&quot;0&quot;,&quot;credit&quot;:&quot;&quot;,&quot;camera&quot;:&quot;&quot;,&quot;caption&quot;:&quot;&quot;,&quot;created_timestamp&quot;:&quot;0&quot;,&quot;copyright&quot;:&quot;&quot;,&quot;focal_length&quot;:&quot;0&quot;,&quot;iso&quot;:&quot;0&quot;,&quot;shutter_speed&quot;:&quot;0&quot;,&quot;title&quot;:&quot;&quot;,&quot;orientation&quot;:&quot;1&quot;}\" data-image-title=\"Frage_an_Rechtsanwalt_Klagepaten_Ticket_#186789\" data-image-description=\"\" data-image-caption=\"\" data-large-file=\"https:\/\/i0.wp.com\/solarresearch.org\/wp\/wp-content\/uploads\/2020\/11\/Frage_an_Rechtsanwalt_Klagepaten_Ticket_186789.jpg?fit=604%2C323&amp;ssl=1\" class=\"aligncenter size-full wp-image-3564\" src=\"https:\/\/i0.wp.com\/solarresearch.org\/wp\/wp-content\/uploads\/2020\/11\/Frage_an_Rechtsanwalt_Klagepaten_Ticket_186789.jpg?resize=604%2C323&#038;ssl=1\" alt=\"\" width=\"604\" height=\"323\" srcset=\"https:\/\/i0.wp.com\/solarresearch.org\/wp\/wp-content\/uploads\/2020\/11\/Frage_an_Rechtsanwalt_Klagepaten_Ticket_186789.jpg?w=681&amp;ssl=1 681w, https:\/\/i0.wp.com\/solarresearch.org\/wp\/wp-content\/uploads\/2020\/11\/Frage_an_Rechtsanwalt_Klagepaten_Ticket_186789.jpg?resize=300%2C160&amp;ssl=1 300w\" sizes=\"(max-width: 604px) 100vw, 604px\" \/><\/a>Seit dem 13.11.2020 kursiert ein gemaltes, recht-h\u00fcbsches Bild \u00fcber die vier <strong><a href=\"https:\/\/coronainfo-tour.de\/\" target=\"_blank\" rel=\"noopener noreferrer\">CORONA-INFO-TOUR<\/a><\/strong>-Macher, die u.a. den Rechtsanwalt Ralf Ludwig mit Grundgesetz in der Hand zeigt:<\/p>\n<figure id=\"attachment_3572\" aria-describedby=\"caption-attachment-3572\" style=\"width: 1280px\" class=\"wp-caption aligncenter\"><a href=\"https:\/\/i0.wp.com\/solarresearch.org\/wp\/wp-content\/uploads\/2020\/11\/Corona_Info_Tour_Ralf_Ludwig_mit_Grundgesetz_photo_2020-11-13_16-43-19.jpg?ssl=1\" target=\"_blank\" rel=\"noopener noreferrer\"><img data-recalc-dims=\"1\" decoding=\"async\" data-attachment-id=\"3572\" data-permalink=\"https:\/\/solarresearch.org\/wp\/2020\/11\/frage-an-richter-am-amtsgericht-thorstenschleif-gilt-das-deutsche-grundgesetz-beim-amtsgericht-nicht-jmnrw\/corona_info_tour_ralf_ludwig_mit_grundgesetz_photo_2020-11-13_16-43-19\/\" data-orig-file=\"https:\/\/i0.wp.com\/solarresearch.org\/wp\/wp-content\/uploads\/2020\/11\/Corona_Info_Tour_Ralf_Ludwig_mit_Grundgesetz_photo_2020-11-13_16-43-19.jpg?fit=1280%2C929&amp;ssl=1\" data-orig-size=\"1280,929\" data-comments-opened=\"1\" data-image-meta=\"{&quot;aperture&quot;:&quot;0&quot;,&quot;credit&quot;:&quot;&quot;,&quot;camera&quot;:&quot;&quot;,&quot;caption&quot;:&quot;&quot;,&quot;created_timestamp&quot;:&quot;0&quot;,&quot;copyright&quot;:&quot;&quot;,&quot;focal_length&quot;:&quot;0&quot;,&quot;iso&quot;:&quot;0&quot;,&quot;shutter_speed&quot;:&quot;0&quot;,&quot;title&quot;:&quot;&quot;,&quot;orientation&quot;:&quot;0&quot;}\" data-image-title=\"Corona_Info_Tour_Ralf_Ludwig_mit_Grundgesetz_photo_2020-11-13_16-43-19\" data-image-description=\"\" data-image-caption=\"\" data-large-file=\"https:\/\/i0.wp.com\/solarresearch.org\/wp\/wp-content\/uploads\/2020\/11\/Corona_Info_Tour_Ralf_Ludwig_mit_Grundgesetz_photo_2020-11-13_16-43-19.jpg?fit=604%2C438&amp;ssl=1\" class=\"wp-image-3572 size-full\" style=\"border: 1px solid #000000;\" src=\"https:\/\/i0.wp.com\/solarresearch.org\/wp\/wp-content\/uploads\/2020\/11\/Corona_Info_Tour_Ralf_Ludwig_mit_Grundgesetz_photo_2020-11-13_16-43-19.jpg?resize=604%2C438&#038;ssl=1\" alt=\"\" width=\"604\" height=\"438\" srcset=\"https:\/\/i0.wp.com\/solarresearch.org\/wp\/wp-content\/uploads\/2020\/11\/Corona_Info_Tour_Ralf_Ludwig_mit_Grundgesetz_photo_2020-11-13_16-43-19.jpg?w=1280&amp;ssl=1 1280w, https:\/\/i0.wp.com\/solarresearch.org\/wp\/wp-content\/uploads\/2020\/11\/Corona_Info_Tour_Ralf_Ludwig_mit_Grundgesetz_photo_2020-11-13_16-43-19.jpg?resize=300%2C218&amp;ssl=1 300w, https:\/\/i0.wp.com\/solarresearch.org\/wp\/wp-content\/uploads\/2020\/11\/Corona_Info_Tour_Ralf_Ludwig_mit_Grundgesetz_photo_2020-11-13_16-43-19.jpg?resize=1024%2C743&amp;ssl=1 1024w, https:\/\/i0.wp.com\/solarresearch.org\/wp\/wp-content\/uploads\/2020\/11\/Corona_Info_Tour_Ralf_Ludwig_mit_Grundgesetz_photo_2020-11-13_16-43-19.jpg?resize=768%2C557&amp;ssl=1 768w, https:\/\/i0.wp.com\/solarresearch.org\/wp\/wp-content\/uploads\/2020\/11\/Corona_Info_Tour_Ralf_Ludwig_mit_Grundgesetz_photo_2020-11-13_16-43-19.jpg?w=1208&amp;ssl=1 1208w\" sizes=\"(max-width: 604px) 100vw, 604px\" \/><\/a><figcaption id=\"caption-attachment-3572\" class=\"wp-caption-text\">Quelle: Telegram Samuel Eckert<\/figcaption><\/figure>\n<p style=\"text-align: justify;\">Deshalb wiederholte ich daraufhin meine beiden gestellten Fragen mit der folgenden verbindenden Collage in Richtung Ralf Ludwig:<\/p>\n<figure id=\"attachment_3573\" aria-describedby=\"caption-attachment-3573\" style=\"width: 1024px\" class=\"wp-caption alignnone\"><a href=\"https:\/\/i0.wp.com\/solarresearch.org\/wp\/wp-content\/uploads\/2020\/11\/Frage_an_Ralf_Ludwig_vs20201114-002-1.jpg?ssl=1\" target=\"_blank\" rel=\"noopener noreferrer\"><img data-recalc-dims=\"1\" decoding=\"async\" data-attachment-id=\"3573\" data-permalink=\"https:\/\/solarresearch.org\/wp\/2020\/11\/frage-an-richter-am-amtsgericht-thorstenschleif-gilt-das-deutsche-grundgesetz-beim-amtsgericht-nicht-jmnrw\/frage_an_ralf_ludwig_vs20201114-002-2\/\" data-orig-file=\"https:\/\/i0.wp.com\/solarresearch.org\/wp\/wp-content\/uploads\/2020\/11\/Frage_an_Ralf_Ludwig_vs20201114-002-1.jpg?fit=1024%2C576&amp;ssl=1\" data-orig-size=\"1024,576\" data-comments-opened=\"1\" data-image-meta=\"{&quot;aperture&quot;:&quot;0&quot;,&quot;credit&quot;:&quot;&quot;,&quot;camera&quot;:&quot;&quot;,&quot;caption&quot;:&quot;&quot;,&quot;created_timestamp&quot;:&quot;0&quot;,&quot;copyright&quot;:&quot;&quot;,&quot;focal_length&quot;:&quot;0&quot;,&quot;iso&quot;:&quot;0&quot;,&quot;shutter_speed&quot;:&quot;0&quot;,&quot;title&quot;:&quot;&quot;,&quot;orientation&quot;:&quot;0&quot;}\" data-image-title=\"Frage_an_Ralf_Ludwig_vs20201114-002\" data-image-description=\"\" data-image-caption=\"\" data-large-file=\"https:\/\/i0.wp.com\/solarresearch.org\/wp\/wp-content\/uploads\/2020\/11\/Frage_an_Ralf_Ludwig_vs20201114-002-1.jpg?fit=604%2C340&amp;ssl=1\" class=\"wp-image-3573 size-full\" src=\"https:\/\/i0.wp.com\/solarresearch.org\/wp\/wp-content\/uploads\/2020\/11\/Frage_an_Ralf_Ludwig_vs20201114-002-1.jpg?resize=604%2C340&#038;ssl=1\" alt=\"\" width=\"604\" height=\"340\" srcset=\"https:\/\/i0.wp.com\/solarresearch.org\/wp\/wp-content\/uploads\/2020\/11\/Frage_an_Ralf_Ludwig_vs20201114-002-1.jpg?w=1024&amp;ssl=1 1024w, https:\/\/i0.wp.com\/solarresearch.org\/wp\/wp-content\/uploads\/2020\/11\/Frage_an_Ralf_Ludwig_vs20201114-002-1.jpg?resize=300%2C169&amp;ssl=1 300w, https:\/\/i0.wp.com\/solarresearch.org\/wp\/wp-content\/uploads\/2020\/11\/Frage_an_Ralf_Ludwig_vs20201114-002-1.jpg?resize=768%2C432&amp;ssl=1 768w\" sizes=\"(max-width: 604px) 100vw, 604px\" \/><\/a><figcaption id=\"caption-attachment-3573\" class=\"wp-caption-text\">Collage erstellt von www.solarkritik.de, 11\/2020<\/figcaption><\/figure>\n<p>Auch Ralf Ludwig beantwortete die beiden Fragen <strong>NICHT !!<\/strong><\/p>\n<p style=\"text-align: justify;\">Bereits am 23.10.2020 interviewte der corona-kritische Schweizer Videoblogger Roger Bittel (den ich sehr sch\u00e4tze) in einem LIVE-Gespr\u00e4ch den vermeintlich ebenfalls corona- und justizkritischen bundesdeutschen Richter am <a href=\"https:\/\/www.ag-dinslaken.nrw.de\/\" target=\"_blank\" rel=\"noopener noreferrer\">Amtsgericht Dinslaken<\/a> <a href=\"https:\/\/www.thorstenschleif.de\/\" target=\"_blank\" rel=\"noopener noreferrer\"><strong>Thorsten Schleif<\/strong>.<\/a> Leider hatte ich das Y<a href=\"https:\/\/youtu.be\/6c4t_RDPNwU\" target=\"_blank\" rel=\"noopener noreferrer\">outube-Live-Gespr\u00e4ch am 23.10.2020<\/a> nicht pers\u00f6nlich live mitbekommen, sodass ich im LiveChat leider keine kritischen Fragen an den Richter Thorsten Schleif gestellt hatte, was ich n\u00e4mlich gerne getan h\u00e4tte.<\/p>\n<p style=\"text-align: justify;\">Das hatte ich dann in den n\u00e4chsten Tagen nachgeholt und das bisherige Ergebnis der Diskussion mit dem Richter am Amtsgericht Dinslaken Thorsten Schleif ersehen Sie in der folgenden zwei-seitigen Zusammenfassung (<a href=\"https:\/\/solarresearch.org\/wp\/wp-content\/uploads\/2020\/11\/Grundgesetz_Frage_an_Thorsten_Schleif_20201125.pdf\" target=\"_blank\" rel=\"noopener noreferrer\"><strong>.pdf<\/strong><\/a>):<a href=\"https:\/\/i0.wp.com\/solarresearch.org\/wp\/wp-content\/uploads\/2020\/11\/Grundgesetz_Frage_an_Thorsten_Schleif_20201125.jpg?ssl=1\" target=\"_blank\" rel=\"noopener noreferrer\"><img data-recalc-dims=\"1\" decoding=\"async\" data-attachment-id=\"3565\" data-permalink=\"https:\/\/solarresearch.org\/wp\/2020\/11\/frage-an-richter-am-amtsgericht-thorstenschleif-gilt-das-deutsche-grundgesetz-beim-amtsgericht-nicht-jmnrw\/grundgesetz_frage_an_thorsten_schleif_20201125\/\" data-orig-file=\"https:\/\/i0.wp.com\/solarresearch.org\/wp\/wp-content\/uploads\/2020\/11\/Grundgesetz_Frage_an_Thorsten_Schleif_20201125.jpg?fit=1262%2C910&amp;ssl=1\" data-orig-size=\"1262,910\" data-comments-opened=\"1\" data-image-meta=\"{&quot;aperture&quot;:&quot;0&quot;,&quot;credit&quot;:&quot;&quot;,&quot;camera&quot;:&quot;&quot;,&quot;caption&quot;:&quot;&quot;,&quot;created_timestamp&quot;:&quot;0&quot;,&quot;copyright&quot;:&quot;&quot;,&quot;focal_length&quot;:&quot;0&quot;,&quot;iso&quot;:&quot;0&quot;,&quot;shutter_speed&quot;:&quot;0&quot;,&quot;title&quot;:&quot;&quot;,&quot;orientation&quot;:&quot;0&quot;}\" data-image-title=\"Grundgesetz_Frage_an_Thorsten_Schleif_20201125\" data-image-description=\"\" data-image-caption=\"\" data-large-file=\"https:\/\/i0.wp.com\/solarresearch.org\/wp\/wp-content\/uploads\/2020\/11\/Grundgesetz_Frage_an_Thorsten_Schleif_20201125.jpg?fit=604%2C435&amp;ssl=1\" class=\"aligncenter wp-image-3565 size-full\" style=\"border: 1px solid #000000;\" src=\"https:\/\/i0.wp.com\/solarresearch.org\/wp\/wp-content\/uploads\/2020\/11\/Grundgesetz_Frage_an_Thorsten_Schleif_20201125.jpg?resize=604%2C436&#038;ssl=1\" alt=\"\" width=\"604\" height=\"436\" srcset=\"https:\/\/i0.wp.com\/solarresearch.org\/wp\/wp-content\/uploads\/2020\/11\/Grundgesetz_Frage_an_Thorsten_Schleif_20201125.jpg?w=1262&amp;ssl=1 1262w, https:\/\/i0.wp.com\/solarresearch.org\/wp\/wp-content\/uploads\/2020\/11\/Grundgesetz_Frage_an_Thorsten_Schleif_20201125.jpg?resize=300%2C216&amp;ssl=1 300w, https:\/\/i0.wp.com\/solarresearch.org\/wp\/wp-content\/uploads\/2020\/11\/Grundgesetz_Frage_an_Thorsten_Schleif_20201125.jpg?resize=1024%2C738&amp;ssl=1 1024w, https:\/\/i0.wp.com\/solarresearch.org\/wp\/wp-content\/uploads\/2020\/11\/Grundgesetz_Frage_an_Thorsten_Schleif_20201125.jpg?resize=768%2C554&amp;ssl=1 768w, https:\/\/i0.wp.com\/solarresearch.org\/wp\/wp-content\/uploads\/2020\/11\/Grundgesetz_Frage_an_Thorsten_Schleif_20201125.jpg?w=1208&amp;ssl=1 1208w\" sizes=\"(max-width: 604px) 100vw, 604px\" \/><\/a><a href=\"https:\/\/solarresearch.org\/wp\/wp-content\/uploads\/2020\/11\/Grundgesetz_Frage_an_Thorsten_Schleif_20201125.pdf\" target=\"_blank\" rel=\"noopener noreferrer\"><img data-recalc-dims=\"1\" decoding=\"async\" data-attachment-id=\"3566\" data-permalink=\"https:\/\/solarresearch.org\/wp\/2020\/11\/frage-an-richter-am-amtsgericht-thorstenschleif-gilt-das-deutsche-grundgesetz-beim-amtsgericht-nicht-jmnrw\/pdf_button_imgfile214\/\" data-orig-file=\"https:\/\/i0.wp.com\/solarresearch.org\/wp\/wp-content\/uploads\/2020\/11\/pdf_Button_imgfile214.gif?fit=693%2C693&amp;ssl=1\" data-orig-size=\"693,693\" data-comments-opened=\"1\" data-image-meta=\"{&quot;aperture&quot;:&quot;0&quot;,&quot;credit&quot;:&quot;&quot;,&quot;camera&quot;:&quot;&quot;,&quot;caption&quot;:&quot;&quot;,&quot;created_timestamp&quot;:&quot;0&quot;,&quot;copyright&quot;:&quot;&quot;,&quot;focal_length&quot;:&quot;0&quot;,&quot;iso&quot;:&quot;0&quot;,&quot;shutter_speed&quot;:&quot;0&quot;,&quot;title&quot;:&quot;&quot;,&quot;orientation&quot;:&quot;0&quot;}\" data-image-title=\"pdf_Button_imgfile214\" data-image-description=\"\" data-image-caption=\"\" data-large-file=\"https:\/\/i0.wp.com\/solarresearch.org\/wp\/wp-content\/uploads\/2020\/11\/pdf_Button_imgfile214.gif?fit=604%2C604&amp;ssl=1\" class=\"aligncenter wp-image-3566\" src=\"https:\/\/i0.wp.com\/solarresearch.org\/wp\/wp-content\/uploads\/2020\/11\/pdf_Button_imgfile214.gif?resize=84%2C84&#038;ssl=1\" alt=\"\" width=\"84\" height=\"84\" \/><\/a>Wie Sie an der Antwort von Thorsten Schleif vom 18.11.2020 lesen k\u00f6nnen, hat er die sachliche Richtigkeit meiner Recherchen zwar best\u00e4tigt, allerdings\u00a0 \u00e4ussert und entkr\u00e4ftet er nicht meine Kritik, dass mindestens zwei Richter-auf-Probe (= Proberichter) beim Amtsgericht Dinslaken (Richter T\u00fcrksoy und Richter Kotte) <strong>grundgesetzwidrig Einzelrichterentscheidungen<\/strong> treffen. Stattdessen erweckt der Richter am Amtsgericht Thorsten Schleif den Eindruck, das Grundgesetz mit seinem verfassungsrechtlichen Artikel 97 GG (&#8222;Richter sind unabh\u00e4ngig&#8220;) g\u00e4lte bei <span style=\"text-decoration: underline;\">jedem<\/span> deutschen <span style=\"text-decoration: underline;\">Amts<\/span>gericht vermeintlich <span style=\"text-decoration: underline;\">nicht<\/span>. Hallo?<\/p>\n<p style=\"text-align: justify;\">Deshalb ist jeder Gesch\u00e4ftsverteilungsplan bei jedem deutschen <span style=\"text-decoration: underline;\">Amts<\/span>gericht zu \u00fcberpr\u00fcfen, ob dort Richter-auf-Probe Einzelrichterentscheidungen f\u00e4llen und dann ist in einem 1. Schritt dieser Richter wegen Verstoss gegen Art. 101 GG und Art. 97 GG umgehend abzulehnen. Auch Rechtsanw\u00e4lte sind abzulehnen, die die DAS bei Ihrem Amtsgericht nicht durchsetzen wollen.<\/p>\n<p><span style=\"background-color: #ffff00;\"><strong><span style=\"font-size: 18pt; background-color: #ffff00;\">Wie erkennen Sie &#8222;Richter auf-Probe&#8220;?<\/span><\/strong><\/span><\/p>\n<p style=\"text-align: justify;\">Diesen &#8222;Richtern auf Probe&#8220; <strong>fehlt<\/strong> die namentliche Erg\u00e4nzung &#8222;<strong><em>&#8230;am Amtsgericht<\/em><\/strong>&#8220; im Gesch\u00e4ftsverteilungsplan (GVP) eines jeden deutschen Amtsgerichts, hier: z.B. Richter Kotte im <a href=\"https:\/\/www.ag-dinslaken.nrw.de\/aufgaben\/geschaeftsverteilung\/zt_geschaeftsverteilung\/Geschaeftsverteilungsplan-ab-dem-01_01_2020.pdf\" target=\"_blank\" rel=\"noopener noreferrer\">GVP des Amtsgerichts Dinslaken<\/a>:<\/p>\n<figure id=\"attachment_3568\" aria-describedby=\"caption-attachment-3568\" style=\"width: 538px\" class=\"wp-caption aligncenter\"><a href=\"https:\/\/i0.wp.com\/solarresearch.org\/wp\/wp-content\/uploads\/2020\/11\/GVP_Amtsgericht_Dinslaken_Richter_Kotte.jpg?ssl=1\" target=\"_blank\" rel=\"noopener noreferrer\"><img data-recalc-dims=\"1\" decoding=\"async\" data-attachment-id=\"3568\" data-permalink=\"https:\/\/solarresearch.org\/wp\/2020\/11\/frage-an-richter-am-amtsgericht-thorstenschleif-gilt-das-deutsche-grundgesetz-beim-amtsgericht-nicht-jmnrw\/gvp_amtsgericht_dinslaken_richter_kotte\/\" data-orig-file=\"https:\/\/i0.wp.com\/solarresearch.org\/wp\/wp-content\/uploads\/2020\/11\/GVP_Amtsgericht_Dinslaken_Richter_Kotte.jpg?fit=538%2C158&amp;ssl=1\" data-orig-size=\"538,158\" data-comments-opened=\"1\" data-image-meta=\"{&quot;aperture&quot;:&quot;0&quot;,&quot;credit&quot;:&quot;&quot;,&quot;camera&quot;:&quot;&quot;,&quot;caption&quot;:&quot;&quot;,&quot;created_timestamp&quot;:&quot;0&quot;,&quot;copyright&quot;:&quot;&quot;,&quot;focal_length&quot;:&quot;0&quot;,&quot;iso&quot;:&quot;0&quot;,&quot;shutter_speed&quot;:&quot;0&quot;,&quot;title&quot;:&quot;&quot;,&quot;orientation&quot;:&quot;0&quot;}\" data-image-title=\"GVP_Amtsgericht_Dinslaken_Richter_Kotte\" data-image-description=\"\" data-image-caption=\"\" data-large-file=\"https:\/\/i0.wp.com\/solarresearch.org\/wp\/wp-content\/uploads\/2020\/11\/GVP_Amtsgericht_Dinslaken_Richter_Kotte.jpg?fit=538%2C158&amp;ssl=1\" class=\"wp-image-3568 size-full\" style=\"border: 1px solid #000000;\" src=\"https:\/\/i0.wp.com\/solarresearch.org\/wp\/wp-content\/uploads\/2020\/11\/GVP_Amtsgericht_Dinslaken_Richter_Kotte.jpg?resize=538%2C158&#038;ssl=1\" alt=\"\" width=\"538\" height=\"158\" srcset=\"https:\/\/i0.wp.com\/solarresearch.org\/wp\/wp-content\/uploads\/2020\/11\/GVP_Amtsgericht_Dinslaken_Richter_Kotte.jpg?w=538&amp;ssl=1 538w, https:\/\/i0.wp.com\/solarresearch.org\/wp\/wp-content\/uploads\/2020\/11\/GVP_Amtsgericht_Dinslaken_Richter_Kotte.jpg?resize=300%2C88&amp;ssl=1 300w\" sizes=\"(max-width: 538px) 100vw, 538px\" \/><\/a><figcaption id=\"caption-attachment-3568\" class=\"wp-caption-text\">Auszug aus GVP des Amtsgericht Dinslaken ab 01.01.2020, Seite 5<\/figcaption><\/figure>\n<p style=\"text-align: justify;\">Das gleiche gilt f\u00fcr den Richter T\u00fcrksoy im gleichen GVP des Amtsgericht Dinslaken.<\/p>\n<p style=\"text-align: justify;\">Der Richter am Amtsgericht Otte (ein anderer Richter, der sich ohne &#8222;K&#8220; schreibt) besitzt im <strong><a href=\"https:\/\/www.ag-dinslaken.nrw.de\/aufgaben\/geschaeftsverteilung\/zt_geschaeftsverteilung\/Geschaeftsverteilungsplan-ab-dem-01_01_2020.pdf\" target=\"_blank\" rel=\"noopener noreferrer\">GVP beim Amtsgericht Dinslaken<\/a><\/strong> im Gegensatz dazu die namentliche Erg\u00e4nzung &#8222;<strong>&#8230;am Amtsgericht<\/strong>&#8220; und ist dadurch als nach Art. 97 GG unabh\u00e4ngiger Richter auf Lebenszeit im GVP ausgewiesen und als solcher f\u00fcr Rechtsanw\u00e4lte erkennbar:<\/p>\n<figure id=\"attachment_3569\" aria-describedby=\"caption-attachment-3569\" style=\"width: 541px\" class=\"wp-caption aligncenter\"><a href=\"https:\/\/i0.wp.com\/solarresearch.org\/wp\/wp-content\/uploads\/2020\/11\/GVP_Amtsgericht_Dinslaken_Richter_Otte_20201125.jpg?ssl=1\" target=\"_blank\" rel=\"noopener noreferrer\"><img data-recalc-dims=\"1\" decoding=\"async\" data-attachment-id=\"3569\" data-permalink=\"https:\/\/solarresearch.org\/wp\/2020\/11\/frage-an-richter-am-amtsgericht-thorstenschleif-gilt-das-deutsche-grundgesetz-beim-amtsgericht-nicht-jmnrw\/gvp_amtsgericht_dinslaken_richter_otte_20201125\/\" data-orig-file=\"https:\/\/i0.wp.com\/solarresearch.org\/wp\/wp-content\/uploads\/2020\/11\/GVP_Amtsgericht_Dinslaken_Richter_Otte_20201125.jpg?fit=541%2C143&amp;ssl=1\" data-orig-size=\"541,143\" data-comments-opened=\"1\" data-image-meta=\"{&quot;aperture&quot;:&quot;0&quot;,&quot;credit&quot;:&quot;&quot;,&quot;camera&quot;:&quot;&quot;,&quot;caption&quot;:&quot;&quot;,&quot;created_timestamp&quot;:&quot;0&quot;,&quot;copyright&quot;:&quot;&quot;,&quot;focal_length&quot;:&quot;0&quot;,&quot;iso&quot;:&quot;0&quot;,&quot;shutter_speed&quot;:&quot;0&quot;,&quot;title&quot;:&quot;&quot;,&quot;orientation&quot;:&quot;0&quot;}\" data-image-title=\"GVP_Amtsgericht_Dinslaken_Richter_Otte_20201125\" data-image-description=\"\" data-image-caption=\"\" data-large-file=\"https:\/\/i0.wp.com\/solarresearch.org\/wp\/wp-content\/uploads\/2020\/11\/GVP_Amtsgericht_Dinslaken_Richter_Otte_20201125.jpg?fit=541%2C143&amp;ssl=1\" class=\"wp-image-3569 size-full\" style=\"border: 1px solid #000000;\" src=\"https:\/\/i0.wp.com\/solarresearch.org\/wp\/wp-content\/uploads\/2020\/11\/GVP_Amtsgericht_Dinslaken_Richter_Otte_20201125.jpg?resize=541%2C143&#038;ssl=1\" alt=\"\" width=\"541\" height=\"143\" srcset=\"https:\/\/i0.wp.com\/solarresearch.org\/wp\/wp-content\/uploads\/2020\/11\/GVP_Amtsgericht_Dinslaken_Richter_Otte_20201125.jpg?w=541&amp;ssl=1 541w, https:\/\/i0.wp.com\/solarresearch.org\/wp\/wp-content\/uploads\/2020\/11\/GVP_Amtsgericht_Dinslaken_Richter_Otte_20201125.jpg?resize=300%2C79&amp;ssl=1 300w\" sizes=\"(max-width: 541px) 100vw, 541px\" \/><\/a><figcaption id=\"caption-attachment-3569\" class=\"wp-caption-text\">Auszug aus GVP des Amtsgericht Dinslaken ab 01.01.2020, Seite 5<\/figcaption><\/figure>\n<p style=\"text-align: justify;\"><span style=\"text-decoration: underline;\"><strong><br \/>\nFragen Sie sich mal:<\/strong><\/span> Hat Sie ein Rechtsanwalt jemals \u00fcber diese intransparente Differenzierung bei deutschen Richtern aufgekl\u00e4rt?<\/p>\n<p style=\"text-align: justify;\">Haben die Rechtsanw\u00e4lte <strong>Ralf Ludwig, Markus Haintz, Dirk Sattelmaier, Reiner Fuellmich<\/strong> jemals auf die Diskrepanz hingewiesen, dass Richter-auf-Probe, die Einzelrichterentscheidungen treffen, grundgesetzwidrig wegen Verstoss gegen Art. 97 GG agieren?<\/p>\n<p style=\"text-align: justify;\"><span style=\"font-size: 18pt;\"><strong><span style=\"background-color: #ffff00;\">Warum agieren Richter-auf-Probe, die Einzelrichterentscheidungen treffen,\u00a0 grundgesetzwidrig?<\/span><\/strong><\/span><\/p>\n<p style=\"text-align: justify;\">Weil Richter-auf-Probe wegen ihrer i.d.R. 5-j\u00e4hrigen Probezeit als Richter zwangsl\u00e4ufig <strong>keine unabh\u00e4ngigen <\/strong>Einzelrichterentscheidungen treffen k\u00f6nnen, weil sie mit ihren wom\u00f6glich umstrittenen und politisch-nicht-konformen richterlichen Entscheidungen, Gefahr laufen, die Probezeit nicht zu \u00fcberstehen.\u00a0 Insofern sind diese Einzelrichterentscheidungen nicht GG-konform, weil sie gegen Art. 97 GG verstossen.<\/p>\n<p style=\"text-align: justify;\">In meiner Mail vom 18.11.2020 an den Richter am Amtsgericht Thorsten Schleif erw\u00e4hne ich eine <strong><a href=\"https:\/\/solarresearch.org\/wp\/wp-content\/uploads\/2019\/01\/Expertise_gesetzlicher_Richter_Stand20120926.pdf\" target=\"_blank\" rel=\"noopener noreferrer\">richterliche Expertise<\/a><\/strong>, die dort ab Seite 4 den Sachverhalt im Detail erl\u00e4utert und mit h\u00f6chstrichterlichen Urteilen belegt.<\/p>\n<p style=\"text-align: justify;\">Nun darf man gespannt sein, ob Irgendeiner, der in diesem obigen Blogtext genannten Juristen meine Kritik am bundesdeutschen Justizwesen grundgesetzkonform entkr\u00e4ften kann.<\/p>\n<p style=\"text-align: justify;\">Denn dieses grundgesetzwidrige Agieren deutscher Juristen ist nur die &#8222;Spitze eines Eisberges&#8220;, wie deutsche Juristen seit Jahren und Jahrzehnten das Grundgesetz entmachtet haben. Auf Anfrage nenne ich Ihnen noch weitere Beispiele, die Sie aber auch selbst recherchieren k\u00f6nnen, wenn Sie <strong><a href=\"https:\/\/solarresearch.org\/wp\/faq\/\" target=\"_blank\" rel=\"noopener noreferrer\">mein FAQ<\/a><\/strong> durcharbeiten. Dort finden Sie zahlreiche GG-Verletzungen deutscher Juristen, z.B. wie mit \u00a7 99 Abs. 1 Satz 2 der einfachgesetzlichen Verwaltungsgerichtsordnung (VwGO) die Rechtsstaatlichkeitskontrolle nach Art. 19 Abs. 4 GG entmachtet worden ist.<\/p>\n<p style=\"text-align: justify;\">Soweit der Rechtsanwalt Dirk Sattelmeier in seinem TELEGRAM-Kanal das Motto verbreitet &#8222;<em><a href=\"https:\/\/solarresearch.org\/wp\/wp-content\/uploads\/2020\/11\/Telegram_DirkSattelmaier_Wissen_Holschuld_20201123.jpg\" target=\"_blank\" rel=\"noopener noreferrer\"><strong>Wissen ist eine Holschuld<\/strong><\/a>&#8222;,<\/em> praktiziere ich genau diese Holschuld gegen\u00fcber der bundesdeutschen Justiz, nachdem ich mehrfach in den letzten 20 Jahren von Rechtsanw\u00e4lten, Richtern und Juristen aufs \u00dcbelste rechtsstaatlich hintergangen worden bin. Und zu dieser Holschuld geh\u00f6rt deshalb, dass ich nicht aufh\u00f6ren werde, den angeblich so-ehrenhaften Vertretern der bundesdeutschen Justiz (unbequeme) Fragen zu stellen:<\/p>\n<p><a href=\"https:\/\/i0.wp.com\/solarresearch.org\/wp\/wp-content\/uploads\/2020\/11\/Einstein_das-wichtigste-ist-dass-man-nicht-aufhoert-zu-fragen-albert-einstein.jpg?ssl=1\"><img data-recalc-dims=\"1\" decoding=\"async\" data-attachment-id=\"3579\" data-permalink=\"https:\/\/solarresearch.org\/wp\/2020\/11\/frage-an-richter-am-amtsgericht-thorstenschleif-gilt-das-deutsche-grundgesetz-beim-amtsgericht-nicht-jmnrw\/einstein_das-wichtigste-ist-dass-man-nicht-aufhoert-zu-fragen-albert-einstein\/\" data-orig-file=\"https:\/\/i0.wp.com\/solarresearch.org\/wp\/wp-content\/uploads\/2020\/11\/Einstein_das-wichtigste-ist-dass-man-nicht-aufhoert-zu-fragen-albert-einstein.jpg?fit=1000%2C1000&amp;ssl=1\" data-orig-size=\"1000,1000\" data-comments-opened=\"1\" data-image-meta=\"{&quot;aperture&quot;:&quot;0&quot;,&quot;credit&quot;:&quot;&quot;,&quot;camera&quot;:&quot;&quot;,&quot;caption&quot;:&quot;&quot;,&quot;created_timestamp&quot;:&quot;0&quot;,&quot;copyright&quot;:&quot;&quot;,&quot;focal_length&quot;:&quot;0&quot;,&quot;iso&quot;:&quot;0&quot;,&quot;shutter_speed&quot;:&quot;0&quot;,&quot;title&quot;:&quot;&quot;,&quot;orientation&quot;:&quot;0&quot;}\" data-image-title=\"Einstein_das-wichtigste-ist-dass-man-nicht-aufhoert-zu-fragen-albert-einstein\" data-image-description=\"\" data-image-caption=\"\" data-large-file=\"https:\/\/i0.wp.com\/solarresearch.org\/wp\/wp-content\/uploads\/2020\/11\/Einstein_das-wichtigste-ist-dass-man-nicht-aufhoert-zu-fragen-albert-einstein.jpg?fit=604%2C604&amp;ssl=1\" class=\"aligncenter size-full wp-image-3579\" src=\"https:\/\/i0.wp.com\/solarresearch.org\/wp\/wp-content\/uploads\/2020\/11\/Einstein_das-wichtigste-ist-dass-man-nicht-aufhoert-zu-fragen-albert-einstein.jpg?resize=604%2C604&#038;ssl=1\" alt=\"\" width=\"604\" height=\"604\" srcset=\"https:\/\/i0.wp.com\/solarresearch.org\/wp\/wp-content\/uploads\/2020\/11\/Einstein_das-wichtigste-ist-dass-man-nicht-aufhoert-zu-fragen-albert-einstein.jpg?w=1000&amp;ssl=1 1000w, https:\/\/i0.wp.com\/solarresearch.org\/wp\/wp-content\/uploads\/2020\/11\/Einstein_das-wichtigste-ist-dass-man-nicht-aufhoert-zu-fragen-albert-einstein.jpg?resize=300%2C300&amp;ssl=1 300w, https:\/\/i0.wp.com\/solarresearch.org\/wp\/wp-content\/uploads\/2020\/11\/Einstein_das-wichtigste-ist-dass-man-nicht-aufhoert-zu-fragen-albert-einstein.jpg?resize=150%2C150&amp;ssl=1 150w, https:\/\/i0.wp.com\/solarresearch.org\/wp\/wp-content\/uploads\/2020\/11\/Einstein_das-wichtigste-ist-dass-man-nicht-aufhoert-zu-fragen-albert-einstein.jpg?resize=768%2C768&amp;ssl=1 768w\" sizes=\"(max-width: 604px) 100vw, 604px\" \/><\/a><\/p>\n<p>Erstver\u00f6ffentlichung am: 25.11.2020, 16Uhr00<br \/>\noptimiert\/aktualisiert am: 25.11.2020, 16Uhr00<\/p>\n<p>&nbsp;<\/p>\n<p>&nbsp;<\/p>\n<p>&nbsp;<\/p>\n","protected":false},"excerpt":{"rendered":"<p>Seit Wochen und Monaten bef\u00e4llt mich ein ungutes Gef\u00fchl, wie vermeintlich kritische Juristen die Kritik an den politisch-gewollten CORONA-Massnahmen regelrecht &#8222;gekapert&#8220; haben und dabei auch mit den wahrlich zwingenden verfassungsrechtlichen Vorgaben aus dem Grundgesetz argumentieren. Unter der Ticket-Nummer #186789 liegen seit dem 02.09.2020 zwei Fragen bei den sog. &#8222;KLAGEPATEN&#8220;, um zu \u00dcberpr\u00fcfen, inwieweit die Rechtsanw\u00e4lte &hellip; <a href=\"https:\/\/solarresearch.org\/wp\/2020\/11\/frage-an-richter-am-amtsgericht-thorstenschleif-gilt-das-deutsche-grundgesetz-beim-amtsgericht-nicht-jmnrw\/\" class=\"more-link\"><span class=\"screen-reader-text\">Frage an Richter am Amtsgericht @SchleifThorsten: &#8222;Gilt das deutsche Grundgesetz beim Amtsgericht NICHT?&#8220; @JM_NRW @eckert_official @Klagepaten<\/span> weiterlesen <span class=\"meta-nav\">&rarr;<\/span><\/a><\/p>\n","protected":false},"author":1,"featured_media":3558,"comment_status":"open","ping_status":"closed","sticky":false,"template":"","format":"standard","meta":{"_lmt_disableupdate":"","_lmt_disable":"","jetpack_post_was_ever_published":false,"_jetpack_newsletter_access":"","_jetpack_dont_email_post_to_subs":false,"_jetpack_newsletter_tier_id":0,"_jetpack_memberships_contains_paywalled_content":false,"_jetpack_memberships_contains_paid_content":false,"footnotes":"","jetpack_publicize_message":"","jetpack_publicize_feature_enabled":true,"jetpack_social_post_already_shared":true,"jetpack_social_options":{"image_generator_settings":{"template":"highway","default_image_id":0,"font":"","enabled":false},"version":2}},"categories":[105],"tags":[127,131,124,133,129,125,130,132,107,128,126],"class_list":["post-3563","post","type-post","status-publish","format-standard","has-post-thumbnail","hentry","category-die-geheimakte-hoffmann","tag-bitteltv","tag-dirk-sattelmeier","tag-grundgesetz","tag-klagepaten","tag-markus-haintz","tag-proberichter","tag-ralf-ludwig","tag-reiner-fuellmich","tag-richter-auf-probe","tag-roger-bittel","tag-thorsten-schleif"],"modified_by":"superho","jetpack_publicize_connections":[],"jetpack_featured_media_url":"https:\/\/i0.wp.com\/solarresearch.org\/wp\/wp-content\/uploads\/2020\/11\/Frage_an_Roger_Bittel_Richter_Schleif_vs20201116-001.jpg?fit=1024%2C576&ssl=1","jetpack_sharing_enabled":true,"jetpack_shortlink":"https:\/\/wp.me\/p12nep-Vt","jetpack_likes_enabled":true,"jetpack-related-posts":[{"id":1307,"url":"https:\/\/solarresearch.org\/wp\/2013\/07\/kein_gesetzlicher_richter\/","url_meta":{"origin":3563,"position":0},"title":"Wie das Amtsgericht Recklinghausen dem Solarkritiker den gesetzlichen Richter (Art. 101 GG) entzogen hat !!","author":"Redakteur","date":"22. Juli 2013","format":false,"excerpt":"Update am 24.07.2013: Der Solarkritiker hat auf besonderem Wunsch eine Kurzversion des Sachverhalts auf einer .pdf-Seite erstellt, auf der der Sachverhalt und der Nachweis komprimiert auf einer Seite beschrieben wird. Die Details werden dann im nachfolgenden Blogtext genauer beschrieben und belegt: Wenige Tage vor seiner Flucht ins Ausland am 14.\u2026","rel":"","context":"In \"Amtsgericht Recklinghausen\"","block_context":{"text":"Amtsgericht Recklinghausen","link":"https:\/\/solarresearch.org\/wp\/tag\/amtsgericht-recklinghausen\/"},"img":{"alt_text":"AmtsgerichtRecklinghausen_keinGesetzlRichter_20130724","src":"https:\/\/i0.wp.com\/solarresearch.org\/wp\/wp-content\/uploads\/2013\/07\/AmtsgerichtRecklinghausen_keinGesetzlRichter_20130724-724x1024.jpg?resize=350%2C200","width":350,"height":200},"classes":[]},{"id":2367,"url":"https:\/\/solarresearch.org\/wp\/2014\/08\/parteiverrat_durch_eigene_rechtsanwaelte\/","url_meta":{"origin":3563,"position":1},"title":"ACHT Beispiele f\u00fcr Parteiverrat (?!) durch eigene Rechtsanw\u00e4lte &#8211; LIVE erlebt !!","author":"Redakteur","date":"4. August 2014","format":false,"excerpt":"Der Eklat zwischen Gustl Mollath und seinem Rechtsanwalt Gerhard Strate am 28.07.2014 (VIDEO, TV-Bericht \"REPORT M\u00dcNCHEN\" vom 29.07.2014) veranlasst SOLARKRITIK.DE anhand seiner langj\u00e4hrigen eigenen Erfahrungen mit seinen eigenen Rechtsanw\u00e4lten nachfolgend aufzuzeigen, da\u00df die eigenen Rechtsanw\u00e4lte alles andere im Sinn haben, als den juristischen Erfolg ihres Mandanten, um wenigstens in Ans\u00e4tzen\u2026","rel":"","context":"In \"Geheimakte\"","block_context":{"text":"Geheimakte","link":"https:\/\/solarresearch.org\/wp\/tag\/geheimakte\/"},"img":{"alt_text":"Mollath_strate_web_web","src":"https:\/\/i0.wp.com\/solarresearch.org\/wp\/wp-content\/uploads\/2014\/11\/Mollath_strate_web_web-300x168.jpg?resize=350%2C200","width":350,"height":200},"classes":[]},{"id":1544,"url":"https:\/\/solarresearch.org\/wp\/2014\/02\/anne_will_bosbach_20140129\/","url_meta":{"origin":3563,"position":2},"title":"Wie die Geheimakte \u00fcber Solarkritiker beim NRW-Justizministerium durch Anne Will (ARD) und MdB Wolfgang Bosbach (CDU) weiterhin vertuscht wird !!","author":"Redakteur","date":"3. Februar 2014","format":false,"excerpt":"Am Mittwoch, 29.01.2014 wurde im Anschluss an den ARD-Spielfilm \"Unter Anklage - Der Fall Harry W\u00f6rz\" noch eine Anne-Will-Diskussionssendung \u00fcber den Justizskandal \"Harry W\u00f6rz\" ausgestrahlt. In der Diskussionsrunde sa\u00df unter anderem auch der CDU-Bundestagsabgeordnete Wolfgang Bosbach. Der Solarkritiker empfand die Ausf\u00fchrungen von Wolfgang Bosbach in dieser Talkrunde als \u00e4usserst heuchlerisch\u2026","rel":"","context":"In \"Anne Will\"","block_context":{"text":"Anne Will","link":"https:\/\/solarresearch.org\/wp\/tag\/anne-will\/"},"img":{"alt_text":"","src":"http:\/\/upload.wikimedia.org\/wikipedia\/commons\/e\/e1\/081110_Anne_Will.jpg","width":350,"height":200},"classes":[]},{"id":3380,"url":"https:\/\/solarresearch.org\/wp\/2019\/01\/teil-1-die-geheimakte-hoffmann-xxl-der-vergleich-mit-edward-snowden-dghxxl\/","url_meta":{"origin":3563,"position":3},"title":"Teil 1: DIE GEHEIMAKTE HOFFMANN XXL &#8211; Der Vergleich mit Edward Snowden #DGHXXL","author":"Redakteur","date":"10. Januar 2019","format":false,"excerpt":"Ich hatte angek\u00fcndigt, dass ich den SRF1 \"REPORTER\"-Film \"DIE GEHEIMAKTE HOFFMANN\" zus\u00e4tzlich kommentieren und mit weiteren Informationen erg\u00e4nzen werde. Das erste Video mit Teil 1 dieser \"XXL-Version\" von \"DIE GEHEIMAKTE HOFFMANN\" ist nun fertiggestellt und beschreibt und erkl\u00e4rt, wie der Vergleich mit Edward Snowden zustande kam und warum dieser Vergleich\u2026","rel":"","context":"In &quot;Die Geheimakte Hoffmann&quot;","block_context":{"text":"Die Geheimakte Hoffmann","link":"https:\/\/solarresearch.org\/wp\/category\/die-geheimakte-hoffmann\/"},"img":{"alt_text":"","src":"https:\/\/i0.wp.com\/solarresearch.org\/wp\/wp-content\/uploads\/2019\/01\/DGHXXL_Teil1_Titel.jpg?fit=1200%2C675&ssl=1&resize=350%2C200","width":350,"height":200,"srcset":"https:\/\/i0.wp.com\/solarresearch.org\/wp\/wp-content\/uploads\/2019\/01\/DGHXXL_Teil1_Titel.jpg?fit=1200%2C675&ssl=1&resize=350%2C200 1x, https:\/\/i0.wp.com\/solarresearch.org\/wp\/wp-content\/uploads\/2019\/01\/DGHXXL_Teil1_Titel.jpg?fit=1200%2C675&ssl=1&resize=525%2C300 1.5x, https:\/\/i0.wp.com\/solarresearch.org\/wp\/wp-content\/uploads\/2019\/01\/DGHXXL_Teil1_Titel.jpg?fit=1200%2C675&ssl=1&resize=700%2C400 2x, https:\/\/i0.wp.com\/solarresearch.org\/wp\/wp-content\/uploads\/2019\/01\/DGHXXL_Teil1_Titel.jpg?fit=1200%2C675&ssl=1&resize=1050%2C600 3x"},"classes":[]},{"id":873,"url":"https:\/\/solarresearch.org\/wp\/2013\/03\/aktenvermerk_20080222_richter_bock\/","url_meta":{"origin":3563,"position":4},"title":"Aktenvermerk vom 22.02.2008 eines Bochumer Richters: (Angebliche) Querulanz k\u00f6nnte erblich sein !","author":"Redakteur","date":"4. M\u00e4rz 2013","format":false,"excerpt":"Im Fall von Gustl Mollath sorgt seit 01.03.2013 ein \"Verr\u00e4terischer Aktenvermerk\", in dem Gustl Mollath als \"Querulant\" bezeichnet worden ist, f\u00fcr Schlagzeilen. Am 03.03.2013 wurden von der S\u00dcDDEUTSCHEN ZEITUNG\u00a0 Zitate der Bayrischen Justizbeh\u00f6rden ver\u00f6ffentlicht, die Gustl Mollath sogar als \"M = Spinner\" bezeichnet haben. Im Fall des Solarkritikers verhielten sich\u2026","rel":"","context":"In \"Dirk Vogt\"","block_context":{"text":"Dirk Vogt","link":"https:\/\/solarresearch.org\/wp\/tag\/dirk-vogt\/"},"img":{"alt_text":"BR_20100906_Zitat","src":"https:\/\/i0.wp.com\/solarresearch.org\/wp\/wp-content\/uploads\/2013\/03\/BR_20100906_Zitat.jpg?resize=350%2C200","width":350,"height":200},"classes":[]},{"id":1227,"url":"https:\/\/solarresearch.org\/wp\/2013\/06\/was-der-fall-mollath-mit-dem-fall-solarkritik-de-nicht-gemeinsam-hat\/","url_meta":{"origin":3563,"position":5},"title":"Was der Fall Mollath mit dem Fall SOLARKRITIK.DE (nicht) gemeinsam hat !!","author":"Redakteur","date":"13. Juni 2013","format":false,"excerpt":"SOLARKRITIK.DE wurde in den letzten Tagen und Wochen mehrfach mit dem Vorwurf konfrontiert, SOLARKRITIK.DE wurde als angeblicher sog. \u201eTrittbrettfahrer\u201c den Fall von Gustl Mollath lediglich benutzen, um seinen eigenen Fall weiter nach Vorne zubringen. SOLARKRITIK.DE h\u00e4lt es nun f\u00fcr zeitlich dringend notwendig, einige Fakten klarzustellen und \u00f6ffentlich zu machen. Einige\u2026","rel":"","context":"In \"Beate Merk\"","block_context":{"text":"Beate Merk","link":"https:\/\/solarresearch.org\/wp\/tag\/beate-merk\/"},"img":{"alt_text":"Alzheimer_Toaster_20100614","src":"https:\/\/i0.wp.com\/solarresearch.org\/wp\/wp-content\/uploads\/2013\/05\/Alzheimer_Toaster_20100614-e1369665152139.jpg?resize=350%2C200","width":350,"height":200},"classes":[]}],"_links":{"self":[{"href":"https:\/\/solarresearch.org\/wp\/wp-json\/wp\/v2\/posts\/3563","targetHints":{"allow":["GET"]}}],"collection":[{"href":"https:\/\/solarresearch.org\/wp\/wp-json\/wp\/v2\/posts"}],"about":[{"href":"https:\/\/solarresearch.org\/wp\/wp-json\/wp\/v2\/types\/post"}],"author":[{"embeddable":true,"href":"https:\/\/solarresearch.org\/wp\/wp-json\/wp\/v2\/users\/1"}],"replies":[{"embeddable":true,"href":"https:\/\/solarresearch.org\/wp\/wp-json\/wp\/v2\/comments?post=3563"}],"version-history":[{"count":0,"href":"https:\/\/solarresearch.org\/wp\/wp-json\/wp\/v2\/posts\/3563\/revisions"}],"wp:featuredmedia":[{"embeddable":true,"href":"https:\/\/solarresearch.org\/wp\/wp-json\/wp\/v2\/media\/3558"}],"wp:attachment":[{"href":"https:\/\/solarresearch.org\/wp\/wp-json\/wp\/v2\/media?parent=3563"}],"wp:term":[{"taxonomy":"category","embeddable":true,"href":"https:\/\/solarresearch.org\/wp\/wp-json\/wp\/v2\/categories?post=3563"},{"taxonomy":"post_tag","embeddable":true,"href":"https:\/\/solarresearch.org\/wp\/wp-json\/wp\/v2\/tags?post=3563"}],"curies":[{"name":"wp","href":"https:\/\/api.w.org\/{rel}","templated":true}]}}