{"id":873,"date":"2013-03-04T19:19:53","date_gmt":"2013-03-04T18:19:53","guid":{"rendered":"http:\/\/solarresearch.org\/wp\/?p=873"},"modified":"2015-11-11T09:05:15","modified_gmt":"2015-11-11T08:05:15","slug":"aktenvermerk_20080222_richter_bock","status":"publish","type":"post","link":"https:\/\/solarresearch.org\/wp\/2013\/03\/aktenvermerk_20080222_richter_bock\/","title":{"rendered":"Aktenvermerk vom 22.02.2008 eines Bochumer Richters: (Angebliche) Querulanz k\u00f6nnte erblich sein !"},"content":{"rendered":"<p style=\"text-align: justify;\">Im Fall von Gustl Mollath sorgt seit 01.03.2013 ein &#8222;<a href=\"http:\/\/www.sueddeutsche.de\/bayern\/neue-ungereimtheiten-im-fall-mollath-verraeterischer-aktenvermerk-1.1613709\" target=\"_blank\">Verr\u00e4terischer Aktenvermerk<\/a>&#8222;, in dem Gustl Mollath als &#8222;<em><strong>Querulant<\/strong><\/em>&#8220; bezeichnet worden ist, f\u00fcr Schlagzeilen. Am 03.03.2013 wurden von der S\u00dcDDEUTSCHEN ZEITUNG\u00a0 Zitate der Bayrischen Justizbeh\u00f6rden ver\u00f6ffentlicht, die Gustl Mollath sogar als &#8222;<a href=\"http:\/\/www.sueddeutsche.de\/bayern\/fall-mollath-m-spinner-1.1614370\" target=\"_blank\">M = Spinner<\/a>&#8220; bezeichnet haben.<\/p>\n<p style=\"text-align: justify;\">Im Fall des Solarkritikers verhielten sich die Justizbeh\u00f6rden in NRW <strong>\u00e4hnlich<\/strong>, wor\u00fcber bereits <a href=\"http:\/\/www.youtube.com\/watch?v=MdRmBmMqw7k\" target=\"_blank\">am 06.09.2010 in einem TV-Bericht im &#8222;BR&#8220;<\/a> berichtet worden ist. Ab <a href=\"http:\/\/youtu.be\/MdRmBmMqw7k?t=5m26s\" target=\"_blank\">Minute 05:25<\/a> in diesem TV-Bericht wird <strong>ein Aktenvermerk<\/strong> erw\u00e4hnt, in dem es heisst:<\/p>\n<blockquote>\n<figure id=\"attachment_883\" aria-describedby=\"caption-attachment-883\" style=\"width: 500px\" class=\"wp-caption aligncenter\"><a href=\"http:\/\/youtu.be\/MdRmBmMqw7k?t=5m26s\" target=\"_blank\" rel=\"http:\/\/youtu.be\/MdRmBmMqw7k?t=5m26s\"><img data-recalc-dims=\"1\" decoding=\"async\" data-attachment-id=\"883\" data-permalink=\"https:\/\/solarresearch.org\/wp\/2013\/03\/aktenvermerk_20080222_richter_bock\/br_20100906_zitat\/\" data-orig-file=\"https:\/\/i0.wp.com\/solarresearch.org\/wp\/wp-content\/uploads\/2013\/03\/BR_20100906_Zitat.jpg?fit=500%2C293&amp;ssl=1\" data-orig-size=\"500,293\" data-comments-opened=\"1\" data-image-meta=\"{&quot;aperture&quot;:&quot;0&quot;,&quot;credit&quot;:&quot;&quot;,&quot;camera&quot;:&quot;&quot;,&quot;caption&quot;:&quot;&quot;,&quot;created_timestamp&quot;:&quot;0&quot;,&quot;copyright&quot;:&quot;&quot;,&quot;focal_length&quot;:&quot;0&quot;,&quot;iso&quot;:&quot;0&quot;,&quot;shutter_speed&quot;:&quot;0&quot;,&quot;title&quot;:&quot;&quot;}\" data-image-title=\"BR_20100906_Zitat\" data-image-description=\"\" data-image-caption=\"\" data-large-file=\"https:\/\/i0.wp.com\/solarresearch.org\/wp\/wp-content\/uploads\/2013\/03\/BR_20100906_Zitat.jpg?fit=500%2C293&amp;ssl=1\" class=\" wp-image-883\" style=\"border: 1px solid black;\" src=\"https:\/\/i0.wp.com\/solarresearch.org\/wp\/wp-content\/uploads\/2013\/03\/BR_20100906_Zitat.jpg?resize=500%2C293&#038;ssl=1\" alt=\"BR_20100906_Zitat\" width=\"500\" height=\"293\" srcset=\"https:\/\/i0.wp.com\/solarresearch.org\/wp\/wp-content\/uploads\/2013\/03\/BR_20100906_Zitat.jpg?w=500&amp;ssl=1 500w, https:\/\/i0.wp.com\/solarresearch.org\/wp\/wp-content\/uploads\/2013\/03\/BR_20100906_Zitat.jpg?resize=300%2C175&amp;ssl=1 300w\" sizes=\"(max-width: 500px) 100vw, 500px\" \/><\/a><figcaption id=\"caption-attachment-883\" class=\"wp-caption-text\">KLICKEN SIE AUF SCREENSHOT<br \/>und Sie h\u00f6ren das relevante TV-Zitat vom 06.09.2010<\/figcaption><\/figure><\/blockquote>\n<p style=\"text-align: justify;\">\u00dcber dieses Zitat aus einem Aktenvermerk wurde der Solarkritiker und der TV-Journalist G\u00fcnter Ederer w\u00e4hrend der Dreharbeiten zu oben genannten TV-Bericht<strong> am 27.04.2010 erstmalig<\/strong> vom NRW-Justizministerium<strong> per Mail\u00a0<\/strong> informiert:<\/p>\n<figure id=\"attachment_866\" aria-describedby=\"caption-attachment-866\" style=\"width: 614px\" class=\"wp-caption aligncenter\"><a href=\"https:\/\/i0.wp.com\/solarresearch.org\/wp\/wp-content\/uploads\/2013\/03\/NRW_JustizMin_Mail20100427_Ausschnitt_Zitat20080222.jpg?ssl=1\" target=\"_blank\"><img data-recalc-dims=\"1\" decoding=\"async\" data-attachment-id=\"866\" data-permalink=\"https:\/\/solarresearch.org\/wp\/?attachment_id=866\" data-orig-file=\"https:\/\/i0.wp.com\/solarresearch.org\/wp\/wp-content\/uploads\/2013\/03\/NRW_JustizMin_Mail20100427_Ausschnitt_Zitat20080222.jpg?fit=901%2C350&amp;ssl=1\" data-orig-size=\"901,350\" data-comments-opened=\"1\" data-image-meta=\"{&quot;aperture&quot;:&quot;0&quot;,&quot;credit&quot;:&quot;&quot;,&quot;camera&quot;:&quot;&quot;,&quot;caption&quot;:&quot;&quot;,&quot;created_timestamp&quot;:&quot;0&quot;,&quot;copyright&quot;:&quot;&quot;,&quot;focal_length&quot;:&quot;0&quot;,&quot;iso&quot;:&quot;0&quot;,&quot;shutter_speed&quot;:&quot;0&quot;,&quot;title&quot;:&quot;&quot;}\" data-image-title=\"NRW_JustizMin_Mail20100427_Ausschnitt_Zitat20080222\" data-image-description=\"\" data-image-caption=\"\" data-large-file=\"https:\/\/i0.wp.com\/solarresearch.org\/wp\/wp-content\/uploads\/2013\/03\/NRW_JustizMin_Mail20100427_Ausschnitt_Zitat20080222.jpg?fit=604%2C235&amp;ssl=1\" class=\" wp-image-866 \" style=\"border: 1px solid black;\" src=\"https:\/\/i0.wp.com\/solarresearch.org\/wp\/wp-content\/uploads\/2013\/03\/NRW_JustizMin_Mail20100427_Ausschnitt_Zitat20080222.jpg?resize=604%2C235&#038;ssl=1\" alt=\"NRW_JustizMin_Mail20100427_Ausschnitt_Zitat20080222\" width=\"604\" height=\"235\" srcset=\"https:\/\/i0.wp.com\/solarresearch.org\/wp\/wp-content\/uploads\/2013\/03\/NRW_JustizMin_Mail20100427_Ausschnitt_Zitat20080222.jpg?w=901&amp;ssl=1 901w, https:\/\/i0.wp.com\/solarresearch.org\/wp\/wp-content\/uploads\/2013\/03\/NRW_JustizMin_Mail20100427_Ausschnitt_Zitat20080222.jpg?resize=300%2C116&amp;ssl=1 300w\" sizes=\"(max-width: 604px) 100vw, 604px\" \/><\/a><figcaption id=\"caption-attachment-866\" class=\"wp-caption-text\">Ausschnitt aus Mail des NRW-Justizministerium vom 27.04.2010, ROT-Markierung durch SOLARKRITIK.DE<\/figcaption><\/figure>\n<p style=\"text-align: justify;\"><strong>Bitte beachten Sie<\/strong>, dass das NRW-Justizministerium in der Mail vom 27.04.2010 an G\u00fcnter Ederer <strong>nicht<\/strong> mitgeteilt hatte, <strong>von wem GENAU<\/strong> dieser Aktenvermerk vom 22.02.2008 stammte.<\/p>\n<p style=\"text-align: justify;\"><strong>Bereits am 04.05.2010<\/strong> hatte der Solarkritiker beim NRW-Justizministerium die Anfrage nach Zusendung der Kopie des Aktenvermerks vom 22.02.2008 gestellt, aber diese Kopie trotz mehrerer wiederholte Anfragen <strong>diese Kopie mit dem &#8222;Aktenvermerk vom 22.02.2008&#8220; vom NRW-Justizministerium nie erhalten<\/strong>,&#8230;<\/p>\n<p style=\"text-align: left;\"><a href=\"https:\/\/i0.wp.com\/solarresearch.org\/wp\/wp-content\/uploads\/2013\/03\/Mail20100504_NRW_Justiz.jpg?ssl=1\" target=\"_blank\"><img data-recalc-dims=\"1\" decoding=\"async\" data-attachment-id=\"868\" data-permalink=\"https:\/\/solarresearch.org\/wp\/?attachment_id=868\" data-orig-file=\"https:\/\/i0.wp.com\/solarresearch.org\/wp\/wp-content\/uploads\/2013\/03\/Mail20100504_NRW_Justiz.jpg?fit=516%2C365&amp;ssl=1\" data-orig-size=\"516,365\" data-comments-opened=\"1\" data-image-meta=\"{&quot;aperture&quot;:&quot;0&quot;,&quot;credit&quot;:&quot;&quot;,&quot;camera&quot;:&quot;&quot;,&quot;caption&quot;:&quot;&quot;,&quot;created_timestamp&quot;:&quot;0&quot;,&quot;copyright&quot;:&quot;&quot;,&quot;focal_length&quot;:&quot;0&quot;,&quot;iso&quot;:&quot;0&quot;,&quot;shutter_speed&quot;:&quot;0&quot;,&quot;title&quot;:&quot;&quot;}\" data-image-title=\"Mail20100504_NRW_Justiz\" data-image-description=\"\" data-image-caption=\"\" data-large-file=\"https:\/\/i0.wp.com\/solarresearch.org\/wp\/wp-content\/uploads\/2013\/03\/Mail20100504_NRW_Justiz.jpg?fit=516%2C365&amp;ssl=1\" class=\"aligncenter size-full wp-image-868\" style=\"border: 1px solid black;\" src=\"https:\/\/i0.wp.com\/solarresearch.org\/wp\/wp-content\/uploads\/2013\/03\/Mail20100504_NRW_Justiz.jpg?resize=516%2C365&#038;ssl=1\" alt=\"Mail20100504_NRW_Justiz\" width=\"516\" height=\"365\" srcset=\"https:\/\/i0.wp.com\/solarresearch.org\/wp\/wp-content\/uploads\/2013\/03\/Mail20100504_NRW_Justiz.jpg?w=516&amp;ssl=1 516w, https:\/\/i0.wp.com\/solarresearch.org\/wp\/wp-content\/uploads\/2013\/03\/Mail20100504_NRW_Justiz.jpg?resize=300%2C212&amp;ssl=1 300w\" sizes=\"(max-width: 516px) 100vw, 516px\" \/><\/a><\/p>\n<p style=\"text-align: justify;\">&#8230;erst eine Akteneinsichtnahme am 30.11.2011 &#8211; also ca. 18 Monate sp\u00e4ter &#8211; offenbarte<strong> durch Zufall<\/strong> diesen Aktenvermerk vom 22.02.2008 des <strong>Richters am Landgericht Bock<\/strong>, der sogar vom Richter Bock pers\u00f6nlich unterschrieben ist:<\/p>\n<p style=\"text-align: justify;\"><a href=\"https:\/\/i0.wp.com\/solarresearch.org\/wp\/wp-content\/uploads\/2013\/03\/Strafakte_0937_Aktenvermerk_20080222.jpg?ssl=1\" target=\"_blank\"><img data-recalc-dims=\"1\" decoding=\"async\" data-attachment-id=\"869\" data-permalink=\"https:\/\/solarresearch.org\/wp\/?attachment_id=869\" data-orig-file=\"https:\/\/i0.wp.com\/solarresearch.org\/wp\/wp-content\/uploads\/2013\/03\/Strafakte_0937_Aktenvermerk_20080222.jpg?fit=1275%2C1754&amp;ssl=1\" data-orig-size=\"1275,1754\" data-comments-opened=\"1\" data-image-meta=\"{&quot;aperture&quot;:&quot;0&quot;,&quot;credit&quot;:&quot;&quot;,&quot;camera&quot;:&quot;&quot;,&quot;caption&quot;:&quot;&quot;,&quot;created_timestamp&quot;:&quot;0&quot;,&quot;copyright&quot;:&quot;&quot;,&quot;focal_length&quot;:&quot;0&quot;,&quot;iso&quot;:&quot;0&quot;,&quot;shutter_speed&quot;:&quot;0&quot;,&quot;title&quot;:&quot;&quot;}\" data-image-title=\"Strafakte_0937_Aktenvermerk_20080222\" data-image-description=\"\" data-image-caption=\"\" data-large-file=\"https:\/\/i0.wp.com\/solarresearch.org\/wp\/wp-content\/uploads\/2013\/03\/Strafakte_0937_Aktenvermerk_20080222.jpg?fit=604%2C831&amp;ssl=1\" class=\"aligncenter size-large wp-image-869\" style=\"border: 1px solid black;\" src=\"https:\/\/i0.wp.com\/solarresearch.org\/wp\/wp-content\/uploads\/2013\/03\/Strafakte_0937_Aktenvermerk_20080222.jpg?resize=516%2C708&#038;ssl=1\" alt=\"Strafakte_0937_Aktenvermerk_20080222\" width=\"516\" height=\"708\" srcset=\"https:\/\/i0.wp.com\/solarresearch.org\/wp\/wp-content\/uploads\/2013\/03\/Strafakte_0937_Aktenvermerk_20080222.jpg?resize=218%2C300&amp;ssl=1 218w, https:\/\/i0.wp.com\/solarresearch.org\/wp\/wp-content\/uploads\/2013\/03\/Strafakte_0937_Aktenvermerk_20080222.jpg?zoom=2&amp;resize=516%2C708&amp;ssl=1 1032w\" sizes=\"(max-width: 516px) 100vw, 516px\" \/><\/a><\/p>\n<p style=\"text-align: justify;\"><strong>Aber dieser Aktenvermerk vom 22.02.2008 des Richters Bock offenbart auch<\/strong>, dass dieser Richter am Landgericht Bock sich wohl zum Ziel gesetzt hat, die gesamte Familie des Solarkritikers in eine Art &#8222;Sippenhaft&#8220; zu nehmen, da der Richter Bock die Beurteilung der Schuldf\u00e4higkeit des Solarkritikers auf Grundlage <strong>des angeblich &#8222;merkw\u00fcrdigen Verhaltens&#8220; der Mutter des Solarkritikers <\/strong>durchf\u00fchren will.<\/p>\n<p style=\"text-align: justify;\"><strong>Dazu muss man wissen,<\/strong> dass das angeblich &#8222;<em><strong>merkw\u00fcrdige Verhalten<\/strong><\/em>&#8220; der Mutter des Solarkritikers ebenfalls in Fehlern von NRW-Juristen zugrundeliegt: So ist beim Amtsgericht Recklinghausen das hinterlegte Testament bereits 1974 (!) abhanden gekommen, und Recklingh\u00e4user Rechtsanw\u00e4lte haben einfach &#8211; bei Bekanntwerden des Verschwinden des Testaments Anfang der 1990er Jahre &#8211;\u00a0 ein neues Testament erstellt, wohl auch, um den Fehler des Amtsgericht Recklinghausen zu vertuschen und die &#8222;Kr\u00f6nung&#8220; des Ganzen:\u00a0 Die Neuerstellung des Testaments musste die Mutter des Solarkritikers mit ca. 4.000 DM dann auch noch bezahlen.<\/p>\n<p style=\"text-align: justify;\">Ebenfalls belegt der Aktenvermerk, da\u00df auch der dubiose <a title=\"Die unendliche Dummheit (?) der Staatsanwaltschaft Bochum\" href=\"https:\/\/solarresearch.org\/wp\/2013\/01\/die-unendliche-dummheit-der-staatsanwaltschaft-bochum\/\" target=\"_blank\"><strong>Oberstaatsanwalt Schneider<\/strong> von der STA Bochum<\/a> diese abermalige Diffamierung des Solarkritikers im Februar 2008 &#8222;lanciert&#8220; hatte, obwohl er nachweislich seit M\u00e4rz 2005 \u00fcber den Urteilsfehler des OLG Hamm und den daraufbasierenden mehrfachen Prozessbetrug des Recklingh\u00e4user Rechtsanwalt Dr. G. informiert ist.<\/p>\n<p style=\"text-align: justify;\">Bedenkliche rechtsstaatliche Zust\u00e4nde in Deutschland, die vor 80 Jahren in \u00e4hnlicher Weise begonnen hatten.<\/p>\n<p style=\"text-align: justify;\">Denn dieser Richter am Landgericht Bochum Bock masst sich als Jurist und damit als medizinischer Laie an &#8211; wie dieser Aktenvermerk belegt &#8211; zu unterstellen, (angebliche)<strong> Querulanz k\u00f6nnte vererbbar sein<\/strong>.<\/p>\n<p style=\"text-align: justify;\"><strong>Die <span style=\"text-decoration: underline;\">Befangenheit des Richters<\/span> am Landgericht Bock im gesamten, durch und durch <a href=\"https:\/\/solarresearch.org\/wp\/wp-content\/uploads\/2013\/03\/Urteil_Straf_20090420.pdf\" target=\"_blank\">rechtsfehlerhaften Strafverfahren AZ: 23 Ns 32 Js 569\/04 II 130\/07 <\/a>d\u00fcrfte <span style=\"text-decoration: underline;\">durch diesen Aktenvermerk vom 22.02.2008<\/span> einwandfrei belegt sein:<\/strong><\/p>\n<figure id=\"attachment_865\" aria-describedby=\"caption-attachment-865\" style=\"width: 601px\" class=\"wp-caption aligncenter\"><a href=\"https:\/\/i0.wp.com\/solarresearch.org\/wp\/wp-content\/uploads\/2013\/03\/QuerulantBefangenheitRichter.jpg?ssl=1\" target=\"_blank\"><img data-recalc-dims=\"1\" decoding=\"async\" data-attachment-id=\"865\" data-permalink=\"https:\/\/solarresearch.org\/wp\/?attachment_id=865\" data-orig-file=\"https:\/\/i0.wp.com\/solarresearch.org\/wp\/wp-content\/uploads\/2013\/03\/QuerulantBefangenheitRichter.jpg?fit=643%2C327&amp;ssl=1\" data-orig-size=\"643,327\" data-comments-opened=\"1\" data-image-meta=\"{&quot;aperture&quot;:&quot;0&quot;,&quot;credit&quot;:&quot;&quot;,&quot;camera&quot;:&quot;&quot;,&quot;caption&quot;:&quot;&quot;,&quot;created_timestamp&quot;:&quot;0&quot;,&quot;copyright&quot;:&quot;&quot;,&quot;focal_length&quot;:&quot;0&quot;,&quot;iso&quot;:&quot;0&quot;,&quot;shutter_speed&quot;:&quot;0&quot;,&quot;title&quot;:&quot;&quot;}\" data-image-title=\"QuerulantBefangenheitRichter\" data-image-description=\"\" data-image-caption=\"\" data-large-file=\"https:\/\/i0.wp.com\/solarresearch.org\/wp\/wp-content\/uploads\/2013\/03\/QuerulantBefangenheitRichter.jpg?fit=604%2C307&amp;ssl=1\" class=\"wp-image-865\" style=\"border: 1px solid #000000;\" src=\"https:\/\/i0.wp.com\/solarresearch.org\/wp\/wp-content\/uploads\/2013\/03\/QuerulantBefangenheitRichter.jpg?resize=601%2C306&#038;ssl=1\" alt=\"QuerulantBefangenheitRichter\" width=\"601\" height=\"306\" srcset=\"https:\/\/i0.wp.com\/solarresearch.org\/wp\/wp-content\/uploads\/2013\/03\/QuerulantBefangenheitRichter.jpg?w=643&amp;ssl=1 643w, https:\/\/i0.wp.com\/solarresearch.org\/wp\/wp-content\/uploads\/2013\/03\/QuerulantBefangenheitRichter.jpg?resize=300%2C152&amp;ssl=1 300w\" sizes=\"(max-width: 601px) 100vw, 601px\" \/><\/a><figcaption id=\"caption-attachment-865\" class=\"wp-caption-text\">OLG Frankfurt a.M. vom 13.08.2002, AZ: 1 W 23\/01<\/figcaption><\/figure>\n<p style=\"text-align: justify;\">Vielleicht beginnen die beiden Geschwister des Solarkritikers ja nun endlich damit, dem Justizministerium in NRW selbst <strong>ein paar Fragen<\/strong> zu stellen, denn auch die beiden Geschwister k\u00f6nnten ebenfalls irgendwann &#8222;Zielscheibe&#8220; solcher &#8222;furchtbaren Juristen&#8220; in NRW werden, aufgrund einer subjektiven Beurteilung eines Juristen \u00fcber &#8222;menschliche Merkw\u00fcrdigkeiten&#8220;.<\/p>\n<p style=\"text-align: justify;\">Durch das bereits erw\u00e4hnte Mail vom 27.04.2010 <strong>kann dem NRW-Justizministerium ausserdem nachgewiesen werden<\/strong>, dass das NRW-Justizministerium dar\u00fcber informiert ist, dass dieser Richter am Landgericht Bochum Bock <strong>wissentlich &#8211; und damit vors\u00e4tzlich<\/strong> &#8211; h\u00f6chstrichterliche Rechtsprechung \u00fcber Freiheitsgrundrechte von Angeklagten ignoriert:<\/p>\n<figure id=\"attachment_848\" aria-describedby=\"caption-attachment-848\" style=\"width: 595px\" class=\"wp-caption aligncenter\"><a href=\"https:\/\/i0.wp.com\/solarresearch.org\/wp\/wp-content\/uploads\/2013\/03\/NRW_Justizministerium_Ausschnitt_Mail20100427.jpg?ssl=1\" target=\"_blank\"><img data-recalc-dims=\"1\" decoding=\"async\" data-attachment-id=\"848\" data-permalink=\"https:\/\/solarresearch.org\/wp\/?attachment_id=848\" data-orig-file=\"https:\/\/i0.wp.com\/solarresearch.org\/wp\/wp-content\/uploads\/2013\/03\/NRW_Justizministerium_Ausschnitt_Mail20100427.jpg?fit=921%2C339&amp;ssl=1\" data-orig-size=\"921,339\" data-comments-opened=\"1\" data-image-meta=\"{&quot;aperture&quot;:&quot;0&quot;,&quot;credit&quot;:&quot;&quot;,&quot;camera&quot;:&quot;&quot;,&quot;caption&quot;:&quot;&quot;,&quot;created_timestamp&quot;:&quot;0&quot;,&quot;copyright&quot;:&quot;&quot;,&quot;focal_length&quot;:&quot;0&quot;,&quot;iso&quot;:&quot;0&quot;,&quot;shutter_speed&quot;:&quot;0&quot;,&quot;title&quot;:&quot;&quot;}\" data-image-title=\"NRW_Justizministerium_Ausschnitt_Mail20100427\" data-image-description=\"\" data-image-caption=\"&lt;p&gt;Ausschnitt aus Mail des NRW-Justizministerium vom 27.04.2010&lt;\/p&gt;\n\" data-large-file=\"https:\/\/i0.wp.com\/solarresearch.org\/wp\/wp-content\/uploads\/2013\/03\/NRW_Justizministerium_Ausschnitt_Mail20100427.jpg?fit=604%2C222&amp;ssl=1\" class=\"wp-image-848\" style=\"border: 1px solid #000000;\" src=\"https:\/\/i0.wp.com\/solarresearch.org\/wp\/wp-content\/uploads\/2013\/03\/NRW_Justizministerium_Ausschnitt_Mail20100427.jpg?resize=595%2C219&#038;ssl=1\" alt=\"Ausschnitt aus Mail des NRW-Justizministerium vom 27.04.2010\" width=\"595\" height=\"219\" srcset=\"https:\/\/i0.wp.com\/solarresearch.org\/wp\/wp-content\/uploads\/2013\/03\/NRW_Justizministerium_Ausschnitt_Mail20100427.jpg?w=921&amp;ssl=1 921w, https:\/\/i0.wp.com\/solarresearch.org\/wp\/wp-content\/uploads\/2013\/03\/NRW_Justizministerium_Ausschnitt_Mail20100427.jpg?resize=300%2C110&amp;ssl=1 300w\" sizes=\"(max-width: 595px) 100vw, 595px\" \/><\/a><figcaption id=\"caption-attachment-848\" class=\"wp-caption-text\">Ausschnitt aus Mail des NRW-Justizministerium vom 27.04.2010<br \/> (ROT-Markierung durch SOLARKRITIK.DE)<\/figcaption><\/figure>\n<p style=\"text-align: justify;\">\u00dcber die erw\u00e4hnte &#8222;Sofortige Beschwerde vom 09.04.2009&#8220; bez\u00fcglich seines <a href=\"https:\/\/solarresearch.org\/wp\/wp-content\/uploads\/2013\/03\/LandgerBochum_Strafverfahren_Psycho_Psychiatrisierung_20090403.pdf\" target=\"_blank\">Beschluss vom 03.04.2009<\/a> hat der Richter am Landgericht Bochum Bock <strong>nie entschieden<\/strong>:<\/p>\n<figure id=\"attachment_818\" aria-describedby=\"caption-attachment-818\" style=\"width: 601px\" class=\"wp-caption aligncenter\"><a href=\"https:\/\/i0.wp.com\/solarresearch.org\/wp\/wp-content\/uploads\/2013\/03\/LandgerichtBochum_Strafverfahren_20090409_web.jpg?ssl=1\" target=\"_blank\"><img data-recalc-dims=\"1\" decoding=\"async\" data-attachment-id=\"818\" data-permalink=\"https:\/\/solarresearch.org\/wp\/?attachment_id=818\" data-orig-file=\"https:\/\/i0.wp.com\/solarresearch.org\/wp\/wp-content\/uploads\/2013\/03\/LandgerichtBochum_Strafverfahren_20090409_web.jpg?fit=1150%2C836&amp;ssl=1\" data-orig-size=\"1150,836\" data-comments-opened=\"1\" data-image-meta=\"{&quot;aperture&quot;:&quot;0&quot;,&quot;credit&quot;:&quot;&quot;,&quot;camera&quot;:&quot;&quot;,&quot;caption&quot;:&quot;&quot;,&quot;created_timestamp&quot;:&quot;0&quot;,&quot;copyright&quot;:&quot;&quot;,&quot;focal_length&quot;:&quot;0&quot;,&quot;iso&quot;:&quot;0&quot;,&quot;shutter_speed&quot;:&quot;0&quot;,&quot;title&quot;:&quot;&quot;}\" data-image-title=\"LandgerichtBochum_Strafverfahren_20090409_web\" data-image-description=\"\" data-image-caption=\"&lt;p&gt;Sofortige Beschwerde vom 09.04.2009&lt;\/p&gt;\n\" data-large-file=\"https:\/\/i0.wp.com\/solarresearch.org\/wp\/wp-content\/uploads\/2013\/03\/LandgerichtBochum_Strafverfahren_20090409_web.jpg?fit=604%2C439&amp;ssl=1\" class=\"  wp-image-818\" style=\"border: 1px solid #000000;\" src=\"https:\/\/i0.wp.com\/solarresearch.org\/wp\/wp-content\/uploads\/2013\/03\/LandgerichtBochum_Strafverfahren_20090409_web.jpg?resize=601%2C436&#038;ssl=1\" alt=\"Sofortige Beschwerde vom 09.04.2009\" width=\"601\" height=\"436\" srcset=\"https:\/\/i0.wp.com\/solarresearch.org\/wp\/wp-content\/uploads\/2013\/03\/LandgerichtBochum_Strafverfahren_20090409_web.jpg?resize=1024%2C744&amp;ssl=1 1024w, https:\/\/i0.wp.com\/solarresearch.org\/wp\/wp-content\/uploads\/2013\/03\/LandgerichtBochum_Strafverfahren_20090409_web.jpg?resize=300%2C218&amp;ssl=1 300w, https:\/\/i0.wp.com\/solarresearch.org\/wp\/wp-content\/uploads\/2013\/03\/LandgerichtBochum_Strafverfahren_20090409_web.jpg?w=1150&amp;ssl=1 1150w\" sizes=\"(max-width: 601px) 100vw, 601px\" \/><\/a><figcaption id=\"caption-attachment-818\" class=\"wp-caption-text\">Sofortige Beschwerde vom 09.04.2009, AZ: 23 Ns 32 Js 569\/04 II 130\/07<\/figcaption><\/figure>\n<p style=\"text-align: justify;\">Auch das <strong>OLG Hamm<\/strong> hat in der eingereichten <strong>Revision<\/strong>, die Tatsache, dass bis heute eine Entscheidung \u00fcber die &#8222;<em>Sofortige Beschwerde vom 09.04.2009<\/em>&#8220; nicht getroffen worden ist, kommentarlos <strong>ignoriert.<\/strong><\/p>\n<p style=\"text-align: justify;\"><strong> Der <a href=\"https:\/\/solarresearch.org\/wp\/wp-content\/uploads\/2013\/03\/LandgerBochum_Strafverfahren_Psycho_Psychiatrisierung_20090403.pdf\" target=\"_blank\">Beschluss vom 03.04.2009<\/a> steht weiterhin als unbeschieden\u00a0 im Raum, obwohl eine fristgem\u00e4sse und formalkorrekte sofortige <a href=\"https:\/\/solarresearch.org\/wp\/wp-content\/uploads\/2013\/03\/LandgerichtBochum_Strafverfahren_20090409_web.jpg\" target=\"_blank\">Beschwerde vom 09.04.2009<\/a> dar\u00fcber vorliegt.<\/strong> !!<\/p>\n<p>Das NRW-Justizministerium<strong> vertuscht<\/strong> in der\u00a0<a href=\"https:\/\/solarresearch.org\/wp\/wp-content\/uploads\/2013\/03\/NRW_Justizministerium_Ausschnitt_Mail20100427.jpg\" target=\"_blank\">Mail vom 27.04.2010<\/a> die bis heute<strong> fehlende richterliche Bescheidung<\/strong> der\u00a0<a href=\"https:\/\/solarresearch.org\/wp\/wp-content\/uploads\/2013\/03\/LandgerichtBochum_Strafverfahren_20090409_web.jpg\" target=\"_blank\">Beschwerde vom 09.04.2009<\/a> mit den perfiden Worten :<\/p>\n<blockquote>\n<p style=\"text-align: justify;\"><strong><em><span style=\"color: #ff0000;\">&#8222;Nachdem dieser Forderung nicht entsprochen worden war&#8230;&#8220;<\/span><\/em><\/strong><\/p>\n<\/blockquote>\n<p style=\"text-align: justify;\">Das vermeintliche Motiv der Richter beim OLG Hamm, die &#8222;Sofortige Beschwerde vom 09.04.2009&#8220; zu ignorieren, wurde in diesem Blog schon ausgiebig thematisiert, n\u00e4mlich der nachweisbare <a href=\"https:\/\/solarresearch.org\/wp\/wp-content\/uploads\/2013\/03\/DerUrteilsfehlerDesOlGHamm_kurzeVersion_20090221_Strafverfahren.pdf\" target=\"_blank\"><strong>Urteilsfehler des OLG Hamm vom 04.07.2001<\/strong><\/a>, durch den der &#8222;solare 60%-Schwindel&#8220; in Deutschland beg\u00fcnstigt worden ist.<\/p>\n<p style=\"text-align: justify;\">Denn ein <a href=\"https:\/\/solarresearch.org\/wp\/wp-content\/uploads\/2013\/03\/AmtsgerichtSoltau19980506_Justiz.pdf\">Zitat vom 06.05.1998<\/a> des Juristen und Direktors vom Amtsgericht Soltau Rundt, was dem Solarkritiker erst <strong>seit Mai 2008 bekannt<\/strong> ist, belegt:<\/p>\n<blockquote>\n<p style=\"text-align: justify;\">&#8222;Vorliegend ist das Interesse der \u00d6ffentlichkeit an einem hohen Ansehen der Justiz h\u00f6her zu bewerten, als Ihr Interesse der Justiz Fehler nachzuweisen und die Justiz und ihre Personen zu diffamieren.&#8220;<\/p>\n<\/blockquote>\n<p style=\"text-align: justify;\">Es geht also um das &#8222;<em>hohe Ansehen der Justiz<\/em>&#8220; und &#8222;<em>der Nachweis von Fehlern in der Justiz bedeutet eine Diffamierung der Personen in der Justiz<\/em>&#8222;, zwei dubiose Argumente ohne Rechtsgrundlage, die \u00fcber das Freiheitsgrundrecht von Gustl Mollath gestellt werden und die auch dazu gef\u00fchrt haben, dass der Solarkritiker im November 2012 Deutschland fluchtartig verlassen musste, weil die Justiz in NRW seit Jahren nicht gewillt ist, den <a href=\"https:\/\/solarresearch.org\/wp\/wp-content\/uploads\/2013\/03\/DerUrteilsfehlerDesOlGHamm_kurzeVersion_20090221_Strafverfahren.pdf\" target=\"_blank\">Urteilsfehler des OLG Hamm vom 04.07.2001<\/a> zur Aufkl\u00e4rung zu bringen, und stattdessen dar\u00fcber eine &#8222;<strong>Geheimakte 4121 E-III 372\/98<\/strong>&#8220; mit einem <a title=\"Die dreiste L\u00fcge seit 2002 der NRW-Juristen !!\" href=\"https:\/\/solarresearch.org\/wp\/2013\/02\/die-dreiste-luege-seit-2002-der-nrw-juristen\/\">dubiosen &#8222;<strong>Bescheid vom 27.12.2002<\/strong>&#8222;<\/a> angelegt hat, durch den der &#8222;Solaranwalt&#8220; Dr. G. aus Recklinghausen wom\u00f6glich durch das NRW-Justizministerium seit Jahren &#8222;straffrei&#8220; gestellt worden ist.<\/p>\n<p style=\"text-align: justify;\"><strong>Das NRW-Justizministerium blockiert seit Jahren die Aufkl\u00e4rung dieser Angelegenheit!<\/strong><\/p>\n<p>\u2026und da wirkt das Zitat von Bundesjustizminsterin Sabine Leutheusser-Schnarrenberger vom <a href=\"http:\/\/www.heise.de\/tp\/blogs\/8\/153879\" target=\"_blank\">07.03.2013 auf TELEPOLIS<\/a> der reinste Hohn und Volksverdummung:<\/p>\n<blockquote><p>\u201cDie Korrektur von Fehlern der Justiz ist eben im Sinne der Unabh\u00e4ngigkeit auch ausschlie\u00dflich der Justiz selbst vorbehalten\u201d<\/p><\/blockquote>\n<p style=\"text-align: justify;\">&#8230;wo das Zitat des Direktors von Soltau vom 06.05.1998 belegt, dass der Nachweis von Fehlern der Justiz und deren Personen eine angebliche &#8222;Diffamierung&#8220; bedeutet.<\/p>\n<p style=\"text-align: justify;\">Lesen Sie auch den <a href=\"http:\/\/strate.net\/de\/dokumentation\/Mollath-Wiederaufnahmeantrag-2013-02-19.pdf\" target=\"_blank\">140-seitigen Wiederaufnahmeantrag<\/a> Rechtsanwalts Gerhard Strate im <strong>Fall Mollath<\/strong> vom 19.02.2013. <strong>Auf Seite 130<\/strong> wird auch die gleiche Bundesverfassungsgerichtsentscheidung aus dem Jahr 2001 erw\u00e4hnt, die eine Zwangspsychiatrisierung gegen den Willen des Angeklagten untersagt, die auch der Solarkritiker bei seiner bis heute von NRW-Richtern nicht-entschiedenen &#8222;Sofortigen Beschwerde am 09.04.2009&#8220; ebenfalls argumentativ vorgebracht hatte.<\/p>\n<p style=\"text-align: justify;\">Aber dieses <strong><a href=\"https:\/\/solarresearch.org\/wp\/wp-content\/uploads\/2013\/03\/Urteil_Straf_20090420.pdf\" target=\"_blank\">rechtsfehlerhafte Strafverfahren AZ: 23 Ns 32 Js 569\/04 II 130\/07<\/a><\/strong> , was der Richter am Landgericht Bochum Bock als verantwortlicher Berufungsrichter zu verantworten hatte, beinhaltet noch weitere <strong>dubiose Fehler, Weglassungen und sogar auch eine perfide Sachverhaltsf\u00e4lschung<\/strong>, die vielleicht zu einem sp\u00e4teren Zeitpunkt noch aufgearbeitet werden.<\/p>\n<p style=\"text-align: justify;\"><strong>Nur so viel noch zum Abschluss:<\/strong> In der Hauptverhandlung am 20.04.2009 wurde ein Prozessbeobachter, der wegen Kinderl\u00e4hmung k\u00f6rperbehindert ist, von Sicherheitsbeamten des Amtsgerichts Recklinghausen <strong>durch Tritte misshandelt<\/strong>.<\/p>\n<p>Es sollte deshalb reichen.<\/p>\n<p>Auch die NRW-Ministerpr\u00e4sidentin Hannelore Kraft ist &#8211; nicht erst jetzt &#8211; informiert, dass in NRW ebenfalls ein &#8222;FALL MOLLATH&#8220; existiert:<\/p>\n<p style=\"text-align: center;\"><a href=\"https:\/\/i0.wp.com\/solarresearch.org\/wp\/wp-content\/uploads\/2013\/03\/HanneloreKraft_Twitter_20130305.jpg?ssl=1\" target=\"_blank\"><img data-recalc-dims=\"1\" decoding=\"async\" data-attachment-id=\"907\" data-permalink=\"https:\/\/solarresearch.org\/wp\/2013\/03\/aktenvermerk_20080222_richter_bock\/hannelorekraft_twitter_20130305\/\" data-orig-file=\"https:\/\/i0.wp.com\/solarresearch.org\/wp\/wp-content\/uploads\/2013\/03\/HanneloreKraft_Twitter_20130305.jpg?fit=505%2C239&amp;ssl=1\" data-orig-size=\"505,239\" data-comments-opened=\"1\" data-image-meta=\"{&quot;aperture&quot;:&quot;0&quot;,&quot;credit&quot;:&quot;&quot;,&quot;camera&quot;:&quot;&quot;,&quot;caption&quot;:&quot;&quot;,&quot;created_timestamp&quot;:&quot;0&quot;,&quot;copyright&quot;:&quot;&quot;,&quot;focal_length&quot;:&quot;0&quot;,&quot;iso&quot;:&quot;0&quot;,&quot;shutter_speed&quot;:&quot;0&quot;,&quot;title&quot;:&quot;&quot;}\" data-image-title=\"HanneloreKraft_Twitter_20130305\" data-image-description=\"\" data-image-caption=\"\" data-large-file=\"https:\/\/i0.wp.com\/solarresearch.org\/wp\/wp-content\/uploads\/2013\/03\/HanneloreKraft_Twitter_20130305.jpg?fit=505%2C239&amp;ssl=1\" class=\"aligncenter size-full wp-image-907\" style=\"border: 1px solid black;\" src=\"https:\/\/i0.wp.com\/solarresearch.org\/wp\/wp-content\/uploads\/2013\/03\/HanneloreKraft_Twitter_20130305.jpg?resize=505%2C239&#038;ssl=1\" alt=\"HanneloreKraft_Twitter_20130305\" width=\"505\" height=\"239\" srcset=\"https:\/\/i0.wp.com\/solarresearch.org\/wp\/wp-content\/uploads\/2013\/03\/HanneloreKraft_Twitter_20130305.jpg?w=505&amp;ssl=1 505w, https:\/\/i0.wp.com\/solarresearch.org\/wp\/wp-content\/uploads\/2013\/03\/HanneloreKraft_Twitter_20130305.jpg?resize=300%2C141&amp;ssl=1 300w\" sizes=\"(max-width: 505px) 100vw, 505px\" \/><\/a><\/p>\n<p><strong><a name=\"upd20130408\"><\/a>Update am 08.04.2013:<\/strong><\/p>\n<p style=\"text-align: justify;\">Dieses Fax\u00a0 vom 21.10.2002 des Solarkritikers an das NRW-Justizministerium belegt, dass im Oktober 2002 die &#8222;<strong>psychiatrischen Gutachten<\/strong>&#8220; als Waffe gegen &#8222;kritische B\u00fcrger&#8220; bekannt gewesen sind.<\/p>\n<figure id=\"attachment_1061\" aria-describedby=\"caption-attachment-1061\" style=\"width: 544px\" class=\"wp-caption aligncenter\"><a href=\"https:\/\/i0.wp.com\/solarresearch.org\/wp\/wp-content\/uploads\/2013\/03\/JustizNRW_20021021_FaxNachweis_FX00207_rotMark.jpg?ssl=1\" target=\"_blank\"><img data-recalc-dims=\"1\" decoding=\"async\" data-attachment-id=\"1061\" data-permalink=\"https:\/\/solarresearch.org\/wp\/2013\/03\/aktenvermerk_20080222_richter_bock\/justiznrw_20021021_faxnachweis_fx00207_rotmark\/\" data-orig-file=\"https:\/\/i0.wp.com\/solarresearch.org\/wp\/wp-content\/uploads\/2013\/03\/JustizNRW_20021021_FaxNachweis_FX00207_rotMark.jpg?fit=1728%2C2445&amp;ssl=1\" data-orig-size=\"1728,2445\" data-comments-opened=\"1\" data-image-meta=\"{&quot;aperture&quot;:&quot;0&quot;,&quot;credit&quot;:&quot;&quot;,&quot;camera&quot;:&quot;&quot;,&quot;caption&quot;:&quot;&quot;,&quot;created_timestamp&quot;:&quot;0&quot;,&quot;copyright&quot;:&quot;&quot;,&quot;focal_length&quot;:&quot;0&quot;,&quot;iso&quot;:&quot;0&quot;,&quot;shutter_speed&quot;:&quot;0&quot;,&quot;title&quot;:&quot;&quot;}\" data-image-title=\"JustizNRW_20021021_FaxNachweis_FX00207_rotMark\" data-image-description=\"\" data-image-caption=\"\" data-large-file=\"https:\/\/i0.wp.com\/solarresearch.org\/wp\/wp-content\/uploads\/2013\/03\/JustizNRW_20021021_FaxNachweis_FX00207_rotMark.jpg?fit=604%2C855&amp;ssl=1\" class=\"wp-image-1061\" style=\"border: 1px solid black;\" src=\"https:\/\/i0.wp.com\/solarresearch.org\/wp\/wp-content\/uploads\/2013\/03\/JustizNRW_20021021_FaxNachweis_FX00207_rotMark.jpg?resize=544%2C767&#038;ssl=1\" alt=\"JustizNRW_20021021_FaxNachweis_FX00207_rotMark\" width=\"544\" height=\"767\" srcset=\"https:\/\/i0.wp.com\/solarresearch.org\/wp\/wp-content\/uploads\/2013\/03\/JustizNRW_20021021_FaxNachweis_FX00207_rotMark.jpg?resize=212%2C300&amp;ssl=1 212w, https:\/\/i0.wp.com\/solarresearch.org\/wp\/wp-content\/uploads\/2013\/03\/JustizNRW_20021021_FaxNachweis_FX00207_rotMark.jpg?zoom=2&amp;resize=544%2C767&amp;ssl=1 1088w, https:\/\/i0.wp.com\/solarresearch.org\/wp\/wp-content\/uploads\/2013\/03\/JustizNRW_20021021_FaxNachweis_FX00207_rotMark.jpg?zoom=3&amp;resize=544%2C767&amp;ssl=1 1632w\" sizes=\"(max-width: 544px) 100vw, 544px\" \/><\/a><figcaption id=\"caption-attachment-1061\" class=\"wp-caption-text\">FAX an das NRW-Justizministerium am 21.10.2002<\/figcaption><\/figure>\n<p style=\"text-align: justify;\">Und bereits <a href=\"https:\/\/solarresearch.org\/wp\/wp-content\/uploads\/2013\/03\/RZWAZ20030123.pdf\" target=\"_blank\">im Januar 2003<\/a> erw\u00e4hnte der Richter am Amtsgericht Recklinghausen <strong>Dirk Vogt<\/strong> erstmalig &#8222;diese Waffe&#8220; am Ende der Gerichtsverhandlung am 22.01.2003. Es sollten bis zum Jahr 2012 noch <a href=\"https:\/\/solarresearch.org\/wp\/#p11\" target=\"_blank\">f\u00fcnf weitere Psychiatrisierungs(versuche)<\/a> der NRW-Justizbeh\u00f6rden auf dubioser Grundlage der &#8222;Geheimakte 4121 E-III 372\/98&#8220; folgen, bevor der Solarkritiker im <strong>November 2012<\/strong> aus reinem Selbstschutz Deutschland fluchtartig verlassen hat.<\/p>\n<p style=\"text-align: justify;\">Wie Sie feststellen werden, ist auch <strong>Frau Auchter-Mainz<\/strong> als Person <strong>beim NRW-Justizministerium<\/strong> f\u00fcr den dubiosen &#8222;<a href=\"https:\/\/solarresearch.org\/wp\/2013\/02\/die-dreiste-luege-seit-2002-der-nrw-juristen\/#upd20130314\" target=\"_blank\">Bescheid vom 27.12.2002<\/a>&#8220; verantwortlich gewesen, auf dessen Grundlage jedwede Strafverfolgung seit 2002 u.a. gegen den Rechtsanwalt Dr. G. aus Recklinghausen verhindert und und zum Schaden des Solarkritikers unterbunden worden ist.<\/p>\n<p style=\"text-align: justify;\"><strong><a name=\"upd20130620\"><\/a>Update am 20.06.2013:<\/strong><br \/>\nUnd angebliche &#8222;Querulanten&#8220; d\u00fcrfen nicht &#8222;rechtlos&#8220; gestellt werden, wie es aber deutsche Richter leider sehr h\u00e4ufig in Deutschland praktizieren, wenn der vermeintliche &#8222;Querulant&#8220; \u00fcber Recherchen verf\u00fcgt, die das &#8222;Ansehen der Justiz&#8220; mehr als in Frage stellen k\u00f6nnten:<\/p>\n<div align=\"center\">\n<p><iframe src=\"http:\/\/www.youtube.com\/embed\/Ln3tZ-dAC1M\" width=\"560\" height=\"315\" frameborder=\"0\" allowfullscreen=\"allowfullscreen\"><\/iframe><\/p>\n<p style=\"text-align: justify;\"><strong><br \/>\n<a name=\"upd20130629\"><\/a>Update am 29.06.2013:<\/strong><br \/>\nAuch ein Gespr\u00e4chsangebot, um das der Solarkritiker damals die Pr\u00e4sidentin des LG Bochum gebeten hatte, um den &#8222;solaren Schwindel&#8220; pers\u00f6nlich zu erkl\u00e4ren, wurde damals <strong>im Febr. 2004<\/strong> vom Landgericht Bochum mit Hinweis\/Argumentation auf Art. 97 GG (&#8222;<em>richterliche Unabh\u00e4ngigkeit<\/em>&#8222;) unterbunden:<\/p>\n<figure id=\"attachment_1174\" aria-describedby=\"caption-attachment-1174\" style=\"width: 619px\" class=\"wp-caption aligncenter\"><a href=\"https:\/\/i0.wp.com\/solarresearch.org\/wp\/wp-content\/uploads\/2013\/02\/LGBochum_20040211.jpg?ssl=1\" target=\"_blank\"><img data-recalc-dims=\"1\" decoding=\"async\" data-attachment-id=\"1174\" data-permalink=\"https:\/\/solarresearch.org\/wp\/2013\/02\/die-dreiste-luege-seit-2002-der-nrw-juristen\/lgbochum_20040211\/\" data-orig-file=\"https:\/\/i0.wp.com\/solarresearch.org\/wp\/wp-content\/uploads\/2013\/02\/LGBochum_20040211.jpg?fit=1199%2C869&amp;ssl=1\" data-orig-size=\"1199,869\" data-comments-opened=\"1\" data-image-meta=\"{&quot;aperture&quot;:&quot;0&quot;,&quot;credit&quot;:&quot;&quot;,&quot;camera&quot;:&quot;&quot;,&quot;caption&quot;:&quot;&quot;,&quot;created_timestamp&quot;:&quot;0&quot;,&quot;copyright&quot;:&quot;&quot;,&quot;focal_length&quot;:&quot;0&quot;,&quot;iso&quot;:&quot;0&quot;,&quot;shutter_speed&quot;:&quot;0&quot;,&quot;title&quot;:&quot;&quot;}\" data-image-title=\"LGBochum_20040211\" data-image-description=\"\" data-image-caption=\"&lt;p&gt;Verweigerung der richterlichen Gespr\u00e4chsbereitschaft unter Hinweis auf Artikel 97 GG durch das Landgericht Bochum&lt;\/p&gt;\n\" data-large-file=\"https:\/\/i0.wp.com\/solarresearch.org\/wp\/wp-content\/uploads\/2013\/02\/LGBochum_20040211.jpg?fit=604%2C438&amp;ssl=1\" class=\"  wp-image-1174\" style=\"border: 1px solid #000000;\" src=\"https:\/\/i0.wp.com\/solarresearch.org\/wp\/wp-content\/uploads\/2013\/02\/LGBochum_20040211.jpg?resize=604%2C437&#038;ssl=1\" alt=\"Verweigerung der richterlichen Gespr\u00e4chsbereitschaft unter Hinweis auf Artikel 97 GG durch das Landgericht Bochum\" width=\"604\" height=\"437\" srcset=\"https:\/\/i0.wp.com\/solarresearch.org\/wp\/wp-content\/uploads\/2013\/02\/LGBochum_20040211.jpg?resize=1024%2C742&amp;ssl=1 1024w, https:\/\/i0.wp.com\/solarresearch.org\/wp\/wp-content\/uploads\/2013\/02\/LGBochum_20040211.jpg?resize=300%2C217&amp;ssl=1 300w, https:\/\/i0.wp.com\/solarresearch.org\/wp\/wp-content\/uploads\/2013\/02\/LGBochum_20040211.jpg?w=1199&amp;ssl=1 1199w\" sizes=\"(max-width: 604px) 100vw, 604px\" \/><\/a><figcaption id=\"caption-attachment-1174\" class=\"wp-caption-text\">Verweigerung der richterlichen Gespr\u00e4chsbereitschaft unter Hinweis auf Artikel 97 GG durch das Landgericht Bochum<\/figcaption><\/figure>\n<p style=\"text-align: justify;\">Die damals verantwortliche Bochumer Landgerichtspr\u00e4sidentin Marie-Luise Graf Schlicker ist <a href=\"http:\/\/www.derwesten.de\/staedte\/bochum\/mit-einem-weinenden-auge-id2023543.html\" target=\"_blank\">seit 01.06.2007<\/a> beim Bundesjustizministerium als <a href=\"http:\/\/web.archive.org\/web\/20150611211751\/http:\/\/www.bmjv.de\/DE\/Ministerium\/Abteilungen\/Rechtspflege\/_node.html\" target=\"_blank\">Ministerialdirektorin f\u00fcr &#8222;Rechtspflege&#8220;<\/a> verantwortlich.<\/p>\n<p style=\"text-align: justify;\">Wer glaubt noch daran, dass Juristen in Deutschland wirklich gewillt sind, ihre eigenen Fehler zu korrigieren ??<\/p>\n<p style=\"text-align: left;\">Lesen Sie auch: <a href=\"https:\/\/solarresearch.org\/wp\/2013\/01\/die-unendliche-dummheit-der-staatsanwaltschaft-bochum\/\" target=\"_blank\">Die unendliche Dummheit (?) der Staatsanwaltschaft Bochum<\/a><\/p>\n<p style=\"text-align: left;\">und: <a title=\"Die dreiste L\u00fcge seit 2002 der NRW-Juristen !!\" href=\"https:\/\/solarresearch.org\/wp\/2013\/02\/die-dreiste-luege-seit-2002-der-nrw-juristen\/\" target=\"_blank\">Die dreiste L\u00fcge seit 2002 der NRW-Juristen<\/a><\/p>\n<p style=\"text-align: left;\">Stand des Blogtextes: 01.07.2013, 11Uhr05<br \/>\nzuletzt erg\u00e4nzt\/optimiert: 03.04.2015, 09Uhr30<\/p>\n<p style=\"text-align: left;\">\n<\/div>\n","protected":false},"excerpt":{"rendered":"<p>Im Fall von Gustl Mollath sorgt seit 01.03.2013 ein &#8222;Verr\u00e4terischer Aktenvermerk&#8222;, in dem Gustl Mollath als &#8222;Querulant&#8220; bezeichnet worden ist, f\u00fcr Schlagzeilen. Am 03.03.2013 wurden von der S\u00dcDDEUTSCHEN ZEITUNG\u00a0 Zitate der Bayrischen Justizbeh\u00f6rden ver\u00f6ffentlicht, die Gustl Mollath sogar als &#8222;M = Spinner&#8220; bezeichnet haben. Im Fall des Solarkritikers verhielten sich die Justizbeh\u00f6rden in NRW \u00e4hnlich, &hellip; <a href=\"https:\/\/solarresearch.org\/wp\/2013\/03\/aktenvermerk_20080222_richter_bock\/\" class=\"more-link\"><span class=\"screen-reader-text\">Aktenvermerk vom 22.02.2008 eines Bochumer Richters: (Angebliche) Querulanz k\u00f6nnte erblich sein !<\/span> weiterlesen <span class=\"meta-nav\">&rarr;<\/span><\/a><\/p>\n","protected":false},"author":5,"featured_media":0,"comment_status":"open","ping_status":"closed","sticky":false,"template":"","format":"standard","meta":{"_lmt_disableupdate":"","_lmt_disable":"","jetpack_post_was_ever_published":false,"_jetpack_newsletter_access":"","_jetpack_dont_email_post_to_subs":false,"_jetpack_newsletter_tier_id":0,"_jetpack_memberships_contains_paywalled_content":false,"_jetpack_memberships_contains_paid_content":false,"footnotes":"","jetpack_publicize_message":"","jetpack_publicize_feature_enabled":true,"jetpack_social_post_already_shared":true,"jetpack_social_options":{"image_generator_settings":{"template":"highway","default_image_id":0,"font":"","enabled":false},"version":2}},"categories":[1],"tags":[38,43,44,41,42,39,40],"class_list":["post-873","post","type-post","status-publish","format-standard","hentry","category-allgemein","tag-dirk-vogt","tag-exploration","tag-geheimakte-solarjustiz","tag-gustl-mollath","tag-psychiatrisierung","tag-richter-am-landgericht-bochum-bock","tag-solarkriitker"],"modified_by":"superho","jetpack_publicize_connections":[],"jetpack_featured_media_url":"","jetpack_sharing_enabled":true,"jetpack_shortlink":"https:\/\/wp.me\/p12nep-e5","jetpack_likes_enabled":true,"jetpack-related-posts":[{"id":1227,"url":"https:\/\/solarresearch.org\/wp\/2013\/06\/was-der-fall-mollath-mit-dem-fall-solarkritik-de-nicht-gemeinsam-hat\/","url_meta":{"origin":873,"position":0},"title":"Was der Fall Mollath mit dem Fall SOLARKRITIK.DE (nicht) gemeinsam hat !!","author":"Redakteur","date":"13. Juni 2013","format":false,"excerpt":"SOLARKRITIK.DE wurde in den letzten Tagen und Wochen mehrfach mit dem Vorwurf konfrontiert, SOLARKRITIK.DE wurde als angeblicher sog. \u201eTrittbrettfahrer\u201c den Fall von Gustl Mollath lediglich benutzen, um seinen eigenen Fall weiter nach Vorne zubringen. SOLARKRITIK.DE h\u00e4lt es nun f\u00fcr zeitlich dringend notwendig, einige Fakten klarzustellen und \u00f6ffentlich zu machen. Einige\u2026","rel":"","context":"In \"Beate Merk\"","block_context":{"text":"Beate Merk","link":"https:\/\/solarresearch.org\/wp\/tag\/beate-merk\/"},"img":{"alt_text":"Alzheimer_Toaster_20100614","src":"https:\/\/i0.wp.com\/solarresearch.org\/wp\/wp-content\/uploads\/2013\/05\/Alzheimer_Toaster_20100614-e1369665152139.jpg?resize=350%2C200","width":350,"height":200},"classes":[]},{"id":1544,"url":"https:\/\/solarresearch.org\/wp\/2014\/02\/anne_will_bosbach_20140129\/","url_meta":{"origin":873,"position":1},"title":"Wie die Geheimakte \u00fcber Solarkritiker beim NRW-Justizministerium durch Anne Will (ARD) und MdB Wolfgang Bosbach (CDU) weiterhin vertuscht wird !!","author":"Redakteur","date":"3. Februar 2014","format":false,"excerpt":"Am Mittwoch, 29.01.2014 wurde im Anschluss an den ARD-Spielfilm \"Unter Anklage - Der Fall Harry W\u00f6rz\" noch eine Anne-Will-Diskussionssendung \u00fcber den Justizskandal \"Harry W\u00f6rz\" ausgestrahlt. In der Diskussionsrunde sa\u00df unter anderem auch der CDU-Bundestagsabgeordnete Wolfgang Bosbach. Der Solarkritiker empfand die Ausf\u00fchrungen von Wolfgang Bosbach in dieser Talkrunde als \u00e4usserst heuchlerisch\u2026","rel":"","context":"In \"Anne Will\"","block_context":{"text":"Anne Will","link":"https:\/\/solarresearch.org\/wp\/tag\/anne-will\/"},"img":{"alt_text":"","src":"http:\/\/upload.wikimedia.org\/wikipedia\/commons\/e\/e1\/081110_Anne_Will.jpg","width":350,"height":200},"classes":[]},{"id":1307,"url":"https:\/\/solarresearch.org\/wp\/2013\/07\/kein_gesetzlicher_richter\/","url_meta":{"origin":873,"position":2},"title":"Wie das Amtsgericht Recklinghausen dem Solarkritiker den gesetzlichen Richter (Art. 101 GG) entzogen hat !!","author":"Redakteur","date":"22. Juli 2013","format":false,"excerpt":"Update am 24.07.2013: Der Solarkritiker hat auf besonderem Wunsch eine Kurzversion des Sachverhalts auf einer .pdf-Seite erstellt, auf der der Sachverhalt und der Nachweis komprimiert auf einer Seite beschrieben wird. Die Details werden dann im nachfolgenden Blogtext genauer beschrieben und belegt: Wenige Tage vor seiner Flucht ins Ausland am 14.\u2026","rel":"","context":"In \"Amtsgericht Recklinghausen\"","block_context":{"text":"Amtsgericht Recklinghausen","link":"https:\/\/solarresearch.org\/wp\/tag\/amtsgericht-recklinghausen\/"},"img":{"alt_text":"AmtsgerichtRecklinghausen_keinGesetzlRichter_20130724","src":"https:\/\/i0.wp.com\/solarresearch.org\/wp\/wp-content\/uploads\/2013\/07\/AmtsgerichtRecklinghausen_keinGesetzlRichter_20130724-724x1024.jpg?resize=350%2C200","width":350,"height":200},"classes":[]},{"id":3187,"url":"https:\/\/solarresearch.org\/wp\/2018\/11\/tv-hinweis-die-geheimakte-hoffmann-kommt-am-16-12-2018-auf-srf1\/","url_meta":{"origin":873,"position":3},"title":"TV-Hinweis: &#8222;Die GEHEIMAKTE HOFFMANN&#8220; kommt am 16.12.2018 auf SRF1 !!","author":"Redakteur","date":"27. November 2018","format":false,"excerpt":"Es liegt nun der aktuelle Sendetermin von \"DIE GEHEIMAKTE HOFFMANN\" vor: 16.12.2018, 21Uhr40 bis 22Uhr10 auf SRF1 !! Link Link Link Auf der SRF1-Webseite \"REPORTER\" findet man demn\u00e4chst noch weitere Informationen zu \"DIE GEHEIMAKTE HOFFMANN\".\u00a0 Der TV-Bericht wird auch in einigen Tagen\/Wochen auf 3SAT ausgestrahlt werden. Ich informiere dar\u00fcber, wenn\u2026","rel":"","context":"In \"Die Geheimakte Hoffmann\"","block_context":{"text":"Die Geheimakte Hoffmann","link":"https:\/\/solarresearch.org\/wp\/tag\/die-geheimakte-hoffmann\/"},"img":{"alt_text":"","src":"https:\/\/i0.wp.com\/solarresearch.org\/wp\/wp-content\/uploads\/2018\/11\/SRF1_REPORTER_20181216_Die_Geheimakte_Hoffmann_Stand20181126.jpg?resize=350%2C200","width":350,"height":200,"srcset":"https:\/\/i0.wp.com\/solarresearch.org\/wp\/wp-content\/uploads\/2018\/11\/SRF1_REPORTER_20181216_Die_Geheimakte_Hoffmann_Stand20181126.jpg?resize=350%2C200 1x, https:\/\/i0.wp.com\/solarresearch.org\/wp\/wp-content\/uploads\/2018\/11\/SRF1_REPORTER_20181216_Die_Geheimakte_Hoffmann_Stand20181126.jpg?resize=525%2C300 1.5x, https:\/\/i0.wp.com\/solarresearch.org\/wp\/wp-content\/uploads\/2018\/11\/SRF1_REPORTER_20181216_Die_Geheimakte_Hoffmann_Stand20181126.jpg?resize=700%2C400 2x, https:\/\/i0.wp.com\/solarresearch.org\/wp\/wp-content\/uploads\/2018\/11\/SRF1_REPORTER_20181216_Die_Geheimakte_Hoffmann_Stand20181126.jpg?resize=1050%2C600 3x"},"classes":[]},{"id":653,"url":"https:\/\/solarresearch.org\/wp\/2013\/02\/die-dummheit-der-juristen-oder-wie-durch-kopieren-von-textbausteinen-eine-politisch-gewollte-wahrheit-entsteht\/","url_meta":{"origin":873,"position":4},"title":"Die Dummheit (!?) der Juristen ODER: Wie durch Kopieren von Textbausteinen eine politisch-gewollte &#8222;Wahrheit&#8220; entsteht !!","author":"Redakteur","date":"1. Februar 2013","format":false,"excerpt":"SOLARKRITIK.DE hatte schon bei der \"unendlichen Dummheit (?) der Staatsanwaltschaft Bochum\" angedeutet, dass diese m\u00f6gliche \"Dummheit\" auch bis zu den Juristen beim NRW-Justizministerium durchschl\u00e4gt. Diese Andeutung und Fragestellung wird in dem nun folgenden Blog-Artikel noch begr\u00fcndend vertieft. Der Solarkritiker wurde im Jahre 1996 durch eine Werbeanzeige vom 19.01.1996 \u00fcber die\u2026","rel":"","context":"Mit 2 Kommentaren","block_context":{"text":"Mit 2 Kommentaren","link":"https:\/\/solarresearch.org\/wp\/2013\/02\/die-dummheit-der-juristen-oder-wie-durch-kopieren-von-textbausteinen-eine-politisch-gewollte-wahrheit-entsteht\/#comments"},"img":{"alt_text":"Gutachten19981110_Trinkwasser","src":"https:\/\/i0.wp.com\/solarresearch.org\/wp\/wp-content\/uploads\/2013\/02\/Gutachten19981110_Trinkwasser.jpg?resize=350%2C200","width":350,"height":200},"classes":[]},{"id":2367,"url":"https:\/\/solarresearch.org\/wp\/2014\/08\/parteiverrat_durch_eigene_rechtsanwaelte\/","url_meta":{"origin":873,"position":5},"title":"ACHT Beispiele f\u00fcr Parteiverrat (?!) durch eigene Rechtsanw\u00e4lte &#8211; LIVE erlebt !!","author":"Redakteur","date":"4. August 2014","format":false,"excerpt":"Der Eklat zwischen Gustl Mollath und seinem Rechtsanwalt Gerhard Strate am 28.07.2014 (VIDEO, TV-Bericht \"REPORT M\u00dcNCHEN\" vom 29.07.2014) veranlasst SOLARKRITIK.DE anhand seiner langj\u00e4hrigen eigenen Erfahrungen mit seinen eigenen Rechtsanw\u00e4lten nachfolgend aufzuzeigen, da\u00df die eigenen Rechtsanw\u00e4lte alles andere im Sinn haben, als den juristischen Erfolg ihres Mandanten, um wenigstens in Ans\u00e4tzen\u2026","rel":"","context":"In \"Geheimakte\"","block_context":{"text":"Geheimakte","link":"https:\/\/solarresearch.org\/wp\/tag\/geheimakte\/"},"img":{"alt_text":"Mollath_strate_web_web","src":"https:\/\/i0.wp.com\/solarresearch.org\/wp\/wp-content\/uploads\/2014\/11\/Mollath_strate_web_web-300x168.jpg?resize=350%2C200","width":350,"height":200},"classes":[]}],"_links":{"self":[{"href":"https:\/\/solarresearch.org\/wp\/wp-json\/wp\/v2\/posts\/873","targetHints":{"allow":["GET"]}}],"collection":[{"href":"https:\/\/solarresearch.org\/wp\/wp-json\/wp\/v2\/posts"}],"about":[{"href":"https:\/\/solarresearch.org\/wp\/wp-json\/wp\/v2\/types\/post"}],"author":[{"embeddable":true,"href":"https:\/\/solarresearch.org\/wp\/wp-json\/wp\/v2\/users\/5"}],"replies":[{"embeddable":true,"href":"https:\/\/solarresearch.org\/wp\/wp-json\/wp\/v2\/comments?post=873"}],"version-history":[{"count":0,"href":"https:\/\/solarresearch.org\/wp\/wp-json\/wp\/v2\/posts\/873\/revisions"}],"wp:attachment":[{"href":"https:\/\/solarresearch.org\/wp\/wp-json\/wp\/v2\/media?parent=873"}],"wp:term":[{"taxonomy":"category","embeddable":true,"href":"https:\/\/solarresearch.org\/wp\/wp-json\/wp\/v2\/categories?post=873"},{"taxonomy":"post_tag","embeddable":true,"href":"https:\/\/solarresearch.org\/wp\/wp-json\/wp\/v2\/tags?post=873"}],"curies":[{"name":"wp","href":"https:\/\/api.w.org\/{rel}","templated":true}]}}